{"id":60901,"date":"2023-11-30T17:32:42","date_gmt":"2023-11-30T19:32:42","guid":{"rendered":"https:\/\/www2.comunitaria.com.br\/?p=60901"},"modified":"2023-11-30T17:42:11","modified_gmt":"2023-11-30T19:42:11","slug":"camara-aprova-mocao-de-apoio-aos-servidores-da-brigada-militar-e-corpo-de-bombeiros-por-reajuste-salarial","status":"publish","type":"post","link":"https:\/\/www2.comunitaria.com.br\/en\/camara-aprova-mocao-de-apoio-aos-servidores-da-brigada-militar-e-corpo-de-bombeiros-por-reajuste-salarial\/","title":{"rendered":"C\u00e2mara aprova Mo\u00e7\u00e3o de Apoio aos servidores da Brigada Militar e Corpo de Bombeiros por reajuste salarial"},"content":{"rendered":"<p style=\"text-align: justify;\">Em Sess\u00e3o Ordin\u00e1ria realizada no dia 21 de novembro, o Poder Legislativo de Frederico Westphalen aprovou por unanimidade a Mo\u00e7\u00e3o N\u00ba 12\/2023, em apoio aos servidores da Brigada Militar e Corpo de Bombeiros do Rio Grande do Sul, pela reposi\u00e7\u00e3o inflacion\u00e1ria de 32% nos vencimentos da categoria.<\/p>\n<p style=\"text-align: justify;\">A proposi\u00e7\u00e3o foi de autoria do vereador, Jacques Douglas de Oliveira, e foi assinada por todas as bancadas da C\u00e2mara. \u201cA referida Mo\u00e7\u00e3o tem objetivo de declarar apoio a esta classe, pois os vereadores desta Casa Legislativa reconhecem a import\u00e2ncia de ser barrada a continuidade da defasagem salarial que ora assola os valorosos profissionais da Seguran\u00e7a P\u00fablica do RS\u201d, destacou Oliveira.<\/p>\n<p style=\"text-align: justify;\">A Mo\u00e7\u00e3o de Apoio ser\u00e1 encaminhada ao governador do Estado, Eduardo Leite; ao secret\u00e1rio Estadual de Seguran\u00e7a P\u00fablica do RS, Sandro Caron; ao vice-governador, Gabriel Souza; \u00e0 deputada estadual e presidente da Comiss\u00e3o de Seguran\u00e7a P\u00fablica da Assembleia Legislativa, Stela Farias; ao comandante-geral da Brigada Militar do Estado, coronel Cl\u00e1udio dos Santos Feoli; ao presidente da Associa\u00e7\u00e3o dos Sargentos, Subtenentes e Tenentes da Brigada Militar (ASSTBM), Aparicio Costa Santellano e ao presidente da Associa\u00e7\u00e3o Beneficente Antonio Mendes Filho dos Servidores de N\u00edvel M\u00e9dio da Brigada Militar (ABAMF), Potiguara Galvan Ribas.<\/p>\n<p style=\"text-align: justify;\">&nbsp;<\/p>\n<p>&nbsp;<\/p>\n<p style=\"text-align: justify;\"><em>Fonte: Assessoria de Imprensa\/C\u00e2mara de Vereadores de FW.&nbsp;<\/em><\/p>","protected":false},"excerpt":{"rendered":"<p>Em Sess\u00e3o Ordin\u00e1ria realizada no dia 21 de novembro, o Poder Legislativo de Frederico Westphalen aprovou por unanimidade a Mo\u00e7\u00e3o N\u00ba 12\/2023, em apoio aos servidores da Brigada Militar e&#8230;<\/p>","protected":false},"author":2,"featured_media":60905,"comment_status":"closed","ping_status":"closed","sticky":false,"template":"","format":"standard","meta":{"ngg_post_thumbnail":0,"footnotes":""},"categories":[33],"tags":[],"class_list":["post-60901","post","type-post","status-publish","format-standard","has-post-thumbnail","hentry","category-noticias"],"amp_enabled":true,"_links":{"self":[{"href":"https:\/\/www2.comunitaria.com.br\/en\/wp-json\/wp\/v2\/posts\/60901","targetHints":{"allow":["GET"]}}],"collection":[{"href":"https:\/\/www2.comunitaria.com.br\/en\/wp-json\/wp\/v2\/posts"}],"about":[{"href":"https:\/\/www2.comunitaria.com.br\/en\/wp-json\/wp\/v2\/types\/post"}],"author":[{"embeddable":true,"href":"https:\/\/www2.comunitaria.com.br\/en\/wp-json\/wp\/v2\/users\/2"}],"replies":[{"embeddable":true,"href":"https:\/\/www2.comunitaria.com.br\/en\/wp-json\/wp\/v2\/comments?post=60901"}],"version-history":[{"count":0,"href":"https:\/\/www2.comunitaria.com.br\/en\/wp-json\/wp\/v2\/posts\/60901\/revisions"}],"wp:featuredmedia":[{"embeddable":true,"href":"https:\/\/www2.comunitaria.com.br\/en\/wp-json\/wp\/v2\/media\/60905"}],"wp:attachment":[{"href":"https:\/\/www2.comunitaria.com.br\/en\/wp-json\/wp\/v2\/media?parent=60901"}],"wp:term":[{"taxonomy":"category","embeddable":true,"href":"https:\/\/www2.comunitaria.com.br\/en\/wp-json\/wp\/v2\/categories?post=60901"},{"taxonomy":"post_tag","embeddable":true,"href":"https:\/\/www2.comunitaria.com.br\/en\/wp-json\/wp\/v2\/tags?post=60901"}],"curies":[{"name":"wp","href":"https:\/\/api.w.org\/{rel}","templated":true}]}}