{"id":60881,"date":"2023-11-29T14:31:03","date_gmt":"2023-11-29T16:31:03","guid":{"rendered":"https:\/\/www2.comunitaria.com.br\/?p=60881"},"modified":"2023-11-29T14:37:47","modified_gmt":"2023-11-29T16:37:47","slug":"60881-2","status":"publish","type":"post","link":"https:\/\/www2.comunitaria.com.br\/en\/60881-2\/","title":{"rendered":"Finais do Municipalito 2023 aconteceram no \u00faltimo final de semana"},"content":{"rendered":"<p style=\"text-align: justify;\">No \u00faltimo final de semana, nos dias 25 e 26, aconteceram as finais do Municipalito 2023, no Gin\u00e1sio do Itapag\u00e9. O campeonato \u00e9 organizado pela Secretaria de Esportes e contou com as categorias masculino e feminino, para crian\u00e7as e adolescentes, do sub 6 ao sub 16.<\/p>\n<p style=\"text-align: justify;\">Neste ano, o evento foi sucesso e atingiu toda a comunidade e a alta participa\u00e7\u00e3o dos atletas. As finais aconteceram em dois dias, o que demonstra como o campeonato se tornou tradicional.<\/p>\n<h3 style=\"text-align: justify;\">Resultado<\/h3>\n<p style=\"text-align: justify;\">Sub 06:Aabb01 2&#215;0 CT Tapet\u00e3o\/ Todeschini<br \/>\nSub 06: Escolinha Guarani 1x1Ct Tapet\u00e3o\/GVR Arquitetura e Engenharia<br \/>\nSub 07:CT Tapet\u00e3o\/Refrigera\u00e7\u00e3o Grassi 1&#215;2 AABB 03<br \/>\nSub 07: E.C Itapag\u00e9 0x0 Escolinha Guarani<br \/>\nSub 08: CT Tapet\u00e3o\/Albetec Inform\u00e1tica 1&#215;1 Escolinha Guarani<br \/>\nSub 08: E.C Itapag\u00e9 0x3 AABB 04<br \/>\nSub 09: AABB 06 2&#215;0 CT Tapet\u00e3o\/Sorveteria Skina<br \/>\nSub 10: CT Tapet\u00e3o\/Tele Mania 0x4 AABB 08<br \/>\nSub 11: CT Tapet\u00e3o\/Agrozambi 3&#215;0 AABB 11<br \/>\nSub 12: E.C Itapag\u00e9 4&#215;0 CT Tapet\u00e3o\/Agrozambi<br \/>\nSub 13: Marvados FC 3&#215;1 CT Tapet\u00e3o\/ Todeschin<br \/>\nSub 14: Tabatinga Fc 5&#215;1 AABB 14<br \/>\nSub 15: Marvados F.C 0x4 Vapo FC<br \/>\nSub 16: Ponte Preta 2&#215;0 River Black<\/p>\n<p>&nbsp;<\/p>\n<p><em>Com informa\u00e7\u00f5es da Ascom da Prefeitura de FW.&nbsp;<\/em><\/p>","protected":false},"excerpt":{"rendered":"<p>No \u00faltimo final de semana, nos dias 25 e 26, aconteceram as finais do Municipalito 2023, no Gin\u00e1sio do Itapag\u00e9. O campeonato \u00e9 organizado pela Secretaria de Esportes e contou com as categorias masculino e feminino, para crian\u00e7as e adolescentes, do sub 6 ao sub 16. Neste ano, o evento foi sucesso e atingiu toda<\/p>\n<div class=\"read-more-wrapper\"><a class=\"read-more\" href=\"https:\/\/www2.comunitaria.com.br\/en\/60881-2\/\" title=\"Read More\"> <span class=\"button\">Read More<\/span><\/a><\/div>","protected":false},"author":2,"featured_media":60882,"comment_status":"closed","ping_status":"closed","sticky":false,"template":"","format":"standard","meta":{"ngg_post_thumbnail":0,"footnotes":""},"categories":[33],"tags":[],"class_list":["post-60881","post","type-post","status-publish","format-standard","has-post-thumbnail","hentry","category-noticias"],"amp_enabled":true,"_links":{"self":[{"href":"https:\/\/www2.comunitaria.com.br\/en\/wp-json\/wp\/v2\/posts\/60881","targetHints":{"allow":["GET"]}}],"collection":[{"href":"https:\/\/www2.comunitaria.com.br\/en\/wp-json\/wp\/v2\/posts"}],"about":[{"href":"https:\/\/www2.comunitaria.com.br\/en\/wp-json\/wp\/v2\/types\/post"}],"author":[{"embeddable":true,"href":"https:\/\/www2.comunitaria.com.br\/en\/wp-json\/wp\/v2\/users\/2"}],"replies":[{"embeddable":true,"href":"https:\/\/www2.comunitaria.com.br\/en\/wp-json\/wp\/v2\/comments?post=60881"}],"version-history":[{"count":0,"href":"https:\/\/www2.comunitaria.com.br\/en\/wp-json\/wp\/v2\/posts\/60881\/revisions"}],"wp:featuredmedia":[{"embeddable":true,"href":"https:\/\/www2.comunitaria.com.br\/en\/wp-json\/wp\/v2\/media\/60882"}],"wp:attachment":[{"href":"https:\/\/www2.comunitaria.com.br\/en\/wp-json\/wp\/v2\/media?parent=60881"}],"wp:term":[{"taxonomy":"category","embeddable":true,"href":"https:\/\/www2.comunitaria.com.br\/en\/wp-json\/wp\/v2\/categories?post=60881"},{"taxonomy":"post_tag","embeddable":true,"href":"https:\/\/www2.comunitaria.com.br\/en\/wp-json\/wp\/v2\/tags?post=60881"}],"curies":[{"name":"wp","href":"https:\/\/api.w.org\/{rel}","templated":true}]}}