{"id":60786,"date":"2023-11-21T17:43:24","date_gmt":"2023-11-21T19:43:24","guid":{"rendered":"https:\/\/www2.comunitaria.com.br\/?p=60786"},"modified":"2023-11-21T17:43:24","modified_gmt":"2023-11-21T19:43:24","slug":"governo-lanca-observatorio-do-cadastro-unico-com-dados-sociais","status":"publish","type":"post","link":"https:\/\/www2.comunitaria.com.br\/en\/governo-lanca-observatorio-do-cadastro-unico-com-dados-sociais\/","title":{"rendered":"Governo lan\u00e7a Observat\u00f3rio do Cadastro \u00danico com dados sociais"},"content":{"rendered":"<p style=\"text-align: justify;\">O Minist\u00e9rio do Desenvolvimento e Assist\u00eancia Social, Fam\u00edlia e Combate \u00e0 Fome (MDS) lan\u00e7ou, nesta ter\u00e7a-feira (21), em Bras\u00edlia, o&nbsp;<a href=\"https:\/\/www.youtube.com\/live\/N5KWrI_2okY?si=uD_8P_nWcyMjKafG\" target=\"_blank\" rel=\"noopener\">Observat\u00f3rio do Cadastro \u00danico<\/a>. Trata-se de uma ferramenta que publicar\u00e1 dados do Cadastro \u00danico dos Programas Sociais do governo federal &#8211; o Cad\u00danico &#8211; em um painel interativo.<img decoding=\"async\" src=\"https:\/\/agenciabrasil.ebc.com.br\/ebc.png?id=1568005&amp;o=node\"><img decoding=\"async\" src=\"https:\/\/agenciabrasil.ebc.com.br\/ebc.gif?id=1568005&amp;o=node\"><\/p>\n<p style=\"text-align: justify;\">O novo observat\u00f3rio tem por meta fortalecer o papel estrat\u00e9gico da vigil\u00e2ncia socioassistencial por meio da gest\u00e3o de informa\u00e7\u00f5es disponibilizadas, com monitoramento, avalia\u00e7\u00e3o e planejamento por parte dos governos federal, estaduais e municipais.&nbsp;<\/p>\n<p style=\"text-align: justify;\">A ideia \u00e9 que o exame de indicadores socioecon\u00f4micos de milh\u00f5es de fam\u00edlias em situa\u00e7\u00e3o de vulnerabilidade tamb\u00e9m permita o melhor controle social pelo uso de dados do Cadastro \u00danico por pesquisadores e estudantes.&nbsp;<\/p>\n<p style=\"text-align: justify;\">Em v\u00eddeo reproduzido durante a cerim\u00f4nia de lan\u00e7amento da plataforma virtual, o ministro do Desenvolvimento e Assist\u00eancia Social, Fam\u00edlia e Combate \u00e0 Fome, Wellington Dias, disse que a finalidade principal \u00e9 reduzir a pobreza no pa\u00eds e tirar o Brasil do Mapa da Fome.<\/p>\n<p style=\"text-align: justify;\">\u201cO objetivo \u00e9 que a gente possa ter mais parceria, dando as m\u00e3os para que a gente possa, de um lado tirar o Brasil do Mapa da Fome e, de outro lado, reduzir a pobreza com inclus\u00e3o socioecon\u00f4mica e inclus\u00e3o produtiva no campo ou na cidade, em todo o Brasil\u201d. O ministro n\u00e3o esteve presente ao lan\u00e7amento da plataforma porque participa da C\u00fapula Global contra a Fome, em Londres.<\/p>\n<h2 style=\"text-align: justify;\">Mapa da Fome<\/h2>\n<p style=\"text-align: justify;\">O presidente do Colegiado Nacional de Gestores Municipais de Assist\u00eancia Social (Congemas) e secret\u00e1rio municipal de Assist\u00eancia Social de Foz do Igua\u00e7u, no Paran\u00e1, Elias de Sousa Oliveira, defendeu que as informa\u00e7\u00f5es do Cadastro \u00danico sejam parte do Sistema \u00danico de Assist\u00eancia Social (SUAS).<\/p>\n<p style=\"text-align: justify;\">Citando a cria\u00e7\u00e3o do Observat\u00f3rio do Cadastro \u00danico, o presidente do Congemas salientou que a inova\u00e7\u00e3o ser\u00e1 um mecanismo que possibilitar\u00e1 o conhecimento mais amplo das realidades e adversidades existentes nos 5.568 munic\u00edpios do pa\u00eds.&nbsp;<\/p>\n<p style=\"text-align: justify;\">\u201cA prote\u00e7\u00e3o social precisa alcan\u00e7ar tudo isso. Que todas e todos n\u00f3s possamos, hoje, assumir o compromisso de ter o Observat\u00f3rio como uma das linhas mestras de defesa e de consolida\u00e7\u00e3o da prote\u00e7\u00e3o social no SUAS&nbsp; e tamb\u00e9m no Cadastro \u00danico\u201d.&nbsp;<\/p>\n<p style=\"text-align: justify;\">A presidente do Conselho Nacional de Assist\u00eancia Social (CNAS), Margarth Alves Dallaruvera, confirmou que o Observat\u00f3rio permitir\u00e1 o controle social da oferta de assist\u00eancia social. \u201cAcreditamos no Brasil melhor, acreditamos na democracia, acreditamos no Estado que fortale\u00e7a e implemente as pol\u00edticas p\u00fablicas. Esse \u00e9 o nosso compromisso: colocar o controle social como guardi\u00e3o da pol\u00edtica de assist\u00eancia social para que a gente possa discutir, dialogar e pactuar tudo aquilo que for necess\u00e1rio para a popula\u00e7\u00e3o brasileira\u201d, argumentou.<\/p>\n<h2 style=\"text-align: justify;\">Observat\u00f3rio &nbsp;<\/h2>\n<p style=\"text-align: justify;\">O Observat\u00f3rio do Cadastro \u00danico poder\u00e1 ser acessado no&nbsp;<a href=\"https:\/\/paineis.cidadania.gov.br\/public\/extensions\/observatorio-do-cadastro-unico\/index.html\">link<\/a>. Os usu\u00e1rios dever\u00e3o ver todo o mapa das fam\u00edlias de baixa renda no Brasil e poder\u00e3o colocar filtros nas buscas. Entre os dados que j\u00e1 podem ser pesquisados, h\u00e1, por exemplo, as caracter\u00edsticas dos benefici\u00e1rios (g\u00eanero, idade e parentesco com o respons\u00e1vel familiar); carater\u00edsticas de domic\u00edlio (material de constru\u00e7\u00e3o usado, tipo de piso, se h\u00e1 asfalto na porta); grau de instru\u00e7\u00e3o e tipo de escola; e tipo de atividade remunerada). &nbsp;<\/p>\n<p style=\"text-align: justify;\">Para mais informa\u00e7\u00f5es sobre o uso da ferramenta, o Minist\u00e9rio do Desenvolvimento e Assist\u00eancia Social, Fam\u00edlia e Combate \u00e0 Fome disponibilizou o Disque Social, no telefone 121.<\/p>\n<p>&nbsp;<\/p>\n<p><em>Fonte: Ag\u00eancia Brasil.<\/em><\/p>","protected":false},"excerpt":{"rendered":"<p>O Minist\u00e9rio do Desenvolvimento e Assist\u00eancia Social, Fam\u00edlia e Combate \u00e0 Fome (MDS) lan\u00e7ou, nesta ter\u00e7a-feira (21), em Bras\u00edlia, o&nbsp;Observat\u00f3rio do Cadastro \u00danico. Trata-se de uma ferramenta que publicar\u00e1 dados do Cadastro \u00danico dos Programas Sociais do governo federal &#8211; o Cad\u00danico &#8211; em um painel interativo. O novo observat\u00f3rio tem por meta fortalecer o<\/p>\n<div class=\"read-more-wrapper\"><a class=\"read-more\" href=\"https:\/\/www2.comunitaria.com.br\/en\/governo-lanca-observatorio-do-cadastro-unico-com-dados-sociais\/\" title=\"Read More\"> <span class=\"button\">Read More<\/span><\/a><\/div>","protected":false},"author":2,"featured_media":60788,"comment_status":"closed","ping_status":"closed","sticky":false,"template":"","format":"standard","meta":{"ngg_post_thumbnail":0,"footnotes":""},"categories":[33],"tags":[],"class_list":["post-60786","post","type-post","status-publish","format-standard","has-post-thumbnail","hentry","category-noticias"],"amp_enabled":true,"_links":{"self":[{"href":"https:\/\/www2.comunitaria.com.br\/en\/wp-json\/wp\/v2\/posts\/60786","targetHints":{"allow":["GET"]}}],"collection":[{"href":"https:\/\/www2.comunitaria.com.br\/en\/wp-json\/wp\/v2\/posts"}],"about":[{"href":"https:\/\/www2.comunitaria.com.br\/en\/wp-json\/wp\/v2\/types\/post"}],"author":[{"embeddable":true,"href":"https:\/\/www2.comunitaria.com.br\/en\/wp-json\/wp\/v2\/users\/2"}],"replies":[{"embeddable":true,"href":"https:\/\/www2.comunitaria.com.br\/en\/wp-json\/wp\/v2\/comments?post=60786"}],"version-history":[{"count":0,"href":"https:\/\/www2.comunitaria.com.br\/en\/wp-json\/wp\/v2\/posts\/60786\/revisions"}],"wp:featuredmedia":[{"embeddable":true,"href":"https:\/\/www2.comunitaria.com.br\/en\/wp-json\/wp\/v2\/media\/60788"}],"wp:attachment":[{"href":"https:\/\/www2.comunitaria.com.br\/en\/wp-json\/wp\/v2\/media?parent=60786"}],"wp:term":[{"taxonomy":"category","embeddable":true,"href":"https:\/\/www2.comunitaria.com.br\/en\/wp-json\/wp\/v2\/categories?post=60786"},{"taxonomy":"post_tag","embeddable":true,"href":"https:\/\/www2.comunitaria.com.br\/en\/wp-json\/wp\/v2\/tags?post=60786"}],"curies":[{"name":"wp","href":"https:\/\/api.w.org\/{rel}","templated":true}]}}