{"id":60777,"date":"2023-11-21T15:45:54","date_gmt":"2023-11-21T17:45:54","guid":{"rendered":"https:\/\/www2.comunitaria.com.br\/?p=60777"},"modified":"2023-11-21T17:20:47","modified_gmt":"2023-11-21T19:20:47","slug":"sicredi-promove-feirao-de-negocios-em-novo-tiradentes","status":"publish","type":"post","link":"https:\/\/www2.comunitaria.com.br\/en\/sicredi-promove-feirao-de-negocios-em-novo-tiradentes\/","title":{"rendered":"Sicredi promove Feir\u00e3o de Neg\u00f3cios em Novo Tiradentes"},"content":{"rendered":"<p style=\"text-align: justify;\">O munic\u00edpio de Novo Tiradentes sediar\u00e1 o Feir\u00e3o de Neg\u00f3cios Sicredi, que acontecer\u00e1 no s\u00e1bado, 2 de dezembro, das 8 horas \u00e0s 16 horas, na Pra\u00e7a Reinaldo Grespan, no Centro. S\u00e3o parceiros do evento a prefeitura, a Associa\u00e7\u00e3o Comercial e Industrial, a Emater\/RS-Ascar, a Secretaria Municipal da Agricultura e a Associa\u00e7\u00e3o dos Feirantes.<\/p>\n<p style=\"text-align: justify;\">Estar\u00e3o presentes empresas parceiras do ramo de implementos agr\u00edcolas e maquin\u00e1rios, al\u00e9m de autom\u00f3veis e motocicletas, al\u00e9m de contar com a realiza\u00e7\u00e3o da Feira da Agricultura Familiar. Ainda, as crian\u00e7as ter\u00e3o atrativos especiais como brinquedos, possibilitando que os pais possam desfrutar da feira com mais tranquilidade.<\/p>\n<p style=\"text-align: justify;\">O intuito da programa\u00e7\u00e3o \u00e9 fomentar os neg\u00f3cios dos parceiros locais e da regi\u00e3o, estreitar o relacionamento com os associados, difundir o cooperativismo e aquecer as vendas de todo o com\u00e9rcio, j\u00e1 que as empresas que n\u00e3o estar\u00e3o presentes na pra\u00e7a, organizar\u00e3o promo\u00e7\u00f5es e prazos diferenciados nas suas sedes.<\/p>\n<p style=\"text-align: justify;\">De acordo com a gerente do Sicredi, Tatiane da Silva Rocha, a expectativa \u00e9 que a comunidade local e regional participe e aproveite as oportunidades que ser\u00e3o oferecidas. Durante o Feir\u00e3o, os colaboradores da ag\u00eancia tamb\u00e9m estar\u00e3o fazendo uma a\u00e7\u00e3o de voluntariado, promovendo uma campanha de arrecada\u00e7\u00e3o de brinquedos e livros, para formar uma brinquedoteca no Posto de Sa\u00fade.<\/p>\n<p style=\"text-align: justify;\">Como o munic\u00edpio n\u00e3o tem hospital, grande parte da popula\u00e7\u00e3o \u00e9 atendida no Posto de Sa\u00fade e o novo espa\u00e7o ser\u00e1 uma oportunidade de recrea\u00e7\u00e3o \u00e0s crian\u00e7as que ficam aguardando consultas ou vacinas. Ent\u00e3o, quem for participar do evento, pode doar seu donativo para contribuir com a brinquedoteca.<\/p>\n<p style=\"text-align: justify;\">&nbsp;<\/p>\n<p style=\"text-align: justify;\"><em>Com informa\u00e7\u00f5es da Ascom da Sicredi.<\/em><\/p>","protected":false},"excerpt":{"rendered":"<p>O munic\u00edpio de Novo Tiradentes sediar\u00e1 o Feir\u00e3o de Neg\u00f3cios Sicredi, que acontecer\u00e1 no s\u00e1bado, 2 de dezembro, das 8 horas \u00e0s 16 horas, na Pra\u00e7a Reinaldo Grespan, no Centro&#8230;.<\/p>","protected":false},"author":2,"featured_media":60782,"comment_status":"closed","ping_status":"closed","sticky":false,"template":"","format":"standard","meta":{"ngg_post_thumbnail":0,"footnotes":""},"categories":[43],"tags":[],"class_list":["post-60777","post","type-post","status-publish","format-standard","has-post-thumbnail","hentry","category-regiao"],"amp_enabled":true,"_links":{"self":[{"href":"https:\/\/www2.comunitaria.com.br\/en\/wp-json\/wp\/v2\/posts\/60777","targetHints":{"allow":["GET"]}}],"collection":[{"href":"https:\/\/www2.comunitaria.com.br\/en\/wp-json\/wp\/v2\/posts"}],"about":[{"href":"https:\/\/www2.comunitaria.com.br\/en\/wp-json\/wp\/v2\/types\/post"}],"author":[{"embeddable":true,"href":"https:\/\/www2.comunitaria.com.br\/en\/wp-json\/wp\/v2\/users\/2"}],"replies":[{"embeddable":true,"href":"https:\/\/www2.comunitaria.com.br\/en\/wp-json\/wp\/v2\/comments?post=60777"}],"version-history":[{"count":0,"href":"https:\/\/www2.comunitaria.com.br\/en\/wp-json\/wp\/v2\/posts\/60777\/revisions"}],"wp:featuredmedia":[{"embeddable":true,"href":"https:\/\/www2.comunitaria.com.br\/en\/wp-json\/wp\/v2\/media\/60782"}],"wp:attachment":[{"href":"https:\/\/www2.comunitaria.com.br\/en\/wp-json\/wp\/v2\/media?parent=60777"}],"wp:term":[{"taxonomy":"category","embeddable":true,"href":"https:\/\/www2.comunitaria.com.br\/en\/wp-json\/wp\/v2\/categories?post=60777"},{"taxonomy":"post_tag","embeddable":true,"href":"https:\/\/www2.comunitaria.com.br\/en\/wp-json\/wp\/v2\/tags?post=60777"}],"curies":[{"name":"wp","href":"https:\/\/api.w.org\/{rel}","templated":true}]}}