{"id":60775,"date":"2023-11-21T15:24:08","date_gmt":"2023-11-21T17:24:08","guid":{"rendered":"https:\/\/www2.comunitaria.com.br\/?p=60775"},"modified":"2023-11-21T15:24:08","modified_gmt":"2023-11-21T17:24:08","slug":"administracao-de-fw-apresenta-o-programa-avante-frederico","status":"publish","type":"post","link":"https:\/\/www2.comunitaria.com.br\/en\/administracao-de-fw-apresenta-o-programa-avante-frederico\/","title":{"rendered":"Administra\u00e7\u00e3o de FW apresenta o Programa Avante Frederico"},"content":{"rendered":"<p style=\"text-align: justify;\">&nbsp;Em um compromisso firme com o progresso e a qualidade de vida de toda a comunidade frederiquense, a Administra\u00e7\u00e3o Municipal de Frederico Westphalen apresentou o programa &#8220;Avante Frederico&#8221;, na noite de segunda-feira, 20, em cerim\u00f4nia realizada no sal\u00e3o nobre da Associa\u00e7\u00e3o Empresarial.<\/p>\n<p style=\"text-align: justify;\">Este programa conta com uma s\u00e9rie de a\u00e7\u00f5es estrat\u00e9gicas focadas nos eixos fundamentais para o desenvolvimento da cidade. Idealizado para fortalecer os alicerces do munic\u00edpio, o programa reflete o comprometimento da administra\u00e7\u00e3o em construir um futuro promissor, onde cada cidad\u00e3o frederiquense possa colher os frutos de uma gest\u00e3o dedicada e inovadora.<\/p>\n<p style=\"text-align: justify;\">Com uma vis\u00e3o integrada e focada no bem-estar coletivo, o Avante Frederico direciona esfor\u00e7os em \u00e1reas vitais como sa\u00fade, educa\u00e7\u00e3o, obras, seguran\u00e7a, agricultura, esporte, turismo, meio ambiente e inova\u00e7\u00e3o. Neste sentido, foi lan\u00e7ada na noite de segunda-feira, a plataforma Aprova Digital, dentro do eixo de Inova\u00e7\u00e3o.<\/p>\n<p style=\"text-align: justify;\">O Aprova Digital \u00e9 uma plataforma que visa simplificar e agilizar os &nbsp;processos de aprova\u00e7\u00e3o e comunica\u00e7\u00e3o entre a prefeitura e os mun\u00edcipes. Atrav\u00e9s dessa ferramenta, os cidad\u00e3os t\u00eam acesso a &nbsp;informa\u00e7\u00f5es relevantes, notifica\u00e7\u00f5es, e podem realizar solicita\u00e7\u00f5es e obter aprova\u00e7\u00f5es de forma digital, eliminando a burocracia e proporcionando maior comodidade.<\/p>\n<p style=\"text-align: justify;\">De acordo com o vice-prefeito Jo\u00e3o Vendruscolo, neste primeiro momento o Aprova Digital ter\u00e1 foco na Secretaria de Coordena\u00e7\u00e3o e Planejamento. \u201cEngenheiros, arquitetos e demais profissionais da \u00e1rea ter\u00e3o seus processos tramitando de forma on-line. A comunica\u00e7\u00e3o interna da prefeitura tamb\u00e9m ir\u00e1 mudar, de Secretaria para Secretaria. Tudo isso, para diminuir o seu tempo de espera, entregando \u00e0 sociedade um servi\u00e7o mais \u00e1gil\u201d, explica Vendruscolo.<\/p>\n<p style=\"text-align: justify;\">Os profissionais ligados \u00e0 pasta de Planejamento receber\u00e3o um treinamento on-line para terem acesso \u00e0 plataforma, na quinta-feira, 23, \u00e0s 14 horas. Nesta primeira etapa da moderniza\u00e7\u00e3o o Instituto, seis servi\u00e7os digitais est\u00e3o dispon\u00edveis:<br \/>\n\u25cf Alvar\u00e1 de Constru\u00e7\u00e3o<br \/>\n\u25cf Habite-se<br \/>\n\u25cf Aprova\u00e7\u00e3o de Projetos Urban\u00edsticos de Loteamento<br \/>\n\u25cf Projeto de Infraestrutura de Loteamento<br \/>\n\u25cf Libera\u00e7\u00e3o de Execu\u00e7\u00e3o de Loteamento<br \/>\n\u25cf Desmembramento\/Unifica\u00e7\u00e3o\/Certid\u00e3o<br \/>\nAcesse o link e clique em Definir Lembrete para receber a notifica\u00e7\u00e3o quando a live come\u00e7ar: https:\/\/link.aprova.com.br\/frederico<\/p>\n<p style=\"text-align: justify;\">Para utilizar o sistema basta acessar: <a href=\"https:\/\/fredericowestphalen.aprova.com.br\/home\">https:\/\/fredericowestphalen.aprova.com.br<\/a>.<\/p>\n<p style=\"text-align: justify;\">O cadastro \u00e9 gratuito. Em caso de d\u00favidas na utiliza\u00e7\u00e3o, \u00e9 poss\u00edvel recorrer ao suporte t\u00e9cnico da pr\u00f3pria plataforma, que funciona em hor\u00e1rio comercial.<\/p>\n<p>&nbsp;<\/p>\n<p><em>Com informa\u00e7\u00f5es da Ascom da Prefeitura de FW.<\/em><\/p>","protected":false},"excerpt":{"rendered":"<p>&nbsp;Em um compromisso firme com o progresso e a qualidade de vida de toda a comunidade frederiquense, a Administra\u00e7\u00e3o Municipal de Frederico Westphalen apresentou o programa &#8220;Avante Frederico&#8221;, na noite de segunda-feira, 20, em cerim\u00f4nia realizada no sal\u00e3o nobre da Associa\u00e7\u00e3o Empresarial. Este programa conta com uma s\u00e9rie de a\u00e7\u00f5es estrat\u00e9gicas focadas nos eixos fundamentais<\/p>\n<div class=\"read-more-wrapper\"><a class=\"read-more\" href=\"https:\/\/www2.comunitaria.com.br\/en\/administracao-de-fw-apresenta-o-programa-avante-frederico\/\" title=\"Read More\"> <span class=\"button\">Read More<\/span><\/a><\/div>","protected":false},"author":2,"featured_media":60776,"comment_status":"closed","ping_status":"closed","sticky":false,"template":"","format":"standard","meta":{"ngg_post_thumbnail":0,"footnotes":""},"categories":[42],"tags":[],"class_list":["post-60775","post","type-post","status-publish","format-standard","has-post-thumbnail","hentry","category-fred-west"],"amp_enabled":true,"_links":{"self":[{"href":"https:\/\/www2.comunitaria.com.br\/en\/wp-json\/wp\/v2\/posts\/60775","targetHints":{"allow":["GET"]}}],"collection":[{"href":"https:\/\/www2.comunitaria.com.br\/en\/wp-json\/wp\/v2\/posts"}],"about":[{"href":"https:\/\/www2.comunitaria.com.br\/en\/wp-json\/wp\/v2\/types\/post"}],"author":[{"embeddable":true,"href":"https:\/\/www2.comunitaria.com.br\/en\/wp-json\/wp\/v2\/users\/2"}],"replies":[{"embeddable":true,"href":"https:\/\/www2.comunitaria.com.br\/en\/wp-json\/wp\/v2\/comments?post=60775"}],"version-history":[{"count":0,"href":"https:\/\/www2.comunitaria.com.br\/en\/wp-json\/wp\/v2\/posts\/60775\/revisions"}],"wp:featuredmedia":[{"embeddable":true,"href":"https:\/\/www2.comunitaria.com.br\/en\/wp-json\/wp\/v2\/media\/60776"}],"wp:attachment":[{"href":"https:\/\/www2.comunitaria.com.br\/en\/wp-json\/wp\/v2\/media?parent=60775"}],"wp:term":[{"taxonomy":"category","embeddable":true,"href":"https:\/\/www2.comunitaria.com.br\/en\/wp-json\/wp\/v2\/categories?post=60775"},{"taxonomy":"post_tag","embeddable":true,"href":"https:\/\/www2.comunitaria.com.br\/en\/wp-json\/wp\/v2\/tags?post=60775"}],"curies":[{"name":"wp","href":"https:\/\/api.w.org\/{rel}","templated":true}]}}