{"id":60612,"date":"2023-11-10T13:54:17","date_gmt":"2023-11-10T15:54:17","guid":{"rendered":"http:\/\/www2.comunitaria.com.br\/?p=60612"},"modified":"2023-11-10T13:54:17","modified_gmt":"2023-11-10T15:54:17","slug":"gabarito-oficial-do-enem-2023-sera-divulgado-ate-o-dia-24-de-novembro","status":"publish","type":"post","link":"https:\/\/www2.comunitaria.com.br\/en\/gabarito-oficial-do-enem-2023-sera-divulgado-ate-o-dia-24-de-novembro\/","title":{"rendered":"Gabarito oficial do Enem 2023 ser\u00e1 divulgado at\u00e9 o dia 24 de novembro"},"content":{"rendered":"<p style=\"text-align: justify;\">Os candidatos que fizeram o Exame Nacional do Ensino M\u00e9dio (Enem) 2023 no domingo (5) precisar\u00e3o esperar mais um pouco para conferir os gabaritos oficiais das provas objetivas. Eles ser\u00e3o divulgados at\u00e9 o dia 24 de novembro, de acordo com o Instituto Nacional de Estudos e Pesquisas Educacionais An\u00edsio Teixeira (Inep). Cerca de <a href=\"https:\/\/agenciabrasil.ebc.com.br\/educacao\/noticia\/2023-11\/primeiro-dia-de-provas-do-enem-2023-registra-281-de-ausencias\" target=\"_blank\" rel=\"noopener\">2,8 milh\u00f5es<\/a>&nbsp;de candidatos fizeram as primeiras provas do exame nesse final de semana. O Enem seguir\u00e1 sendo aplicado no pr\u00f3ximo domingo (12). &nbsp;<img decoding=\"async\" src=\"https:\/\/agenciabrasil.ebc.com.br\/ebc.png?id=1564746&amp;o=node\"><img decoding=\"async\" src=\"https:\/\/agenciabrasil.ebc.com.br\/ebc.gif?id=1564746&amp;o=node\"><\/p>\n<p style=\"text-align: justify;\">Segundo o Inep, apenas ap\u00f3s o fim da aplica\u00e7\u00e3o das provas \u00e9 que ser\u00e1 poss\u00edvel ter acesso ao gabarito oficial e aos cadernos de provas, que ser\u00e3o divulgados na internet, na&nbsp;p\u00e1gina do Inep.&nbsp;J\u00e1 o resultado final ser\u00e1 divulgado apenas no dia 16 de janeiro de 2024, conforme o edital do exame, na&nbsp;<a href=\"https:\/\/enem.inep.gov.br\/participante\" target=\"_blank\" rel=\"noopener\">P\u00e1gina do Participante<\/a>.&nbsp;&nbsp;<\/p>\n<p style=\"text-align: justify;\">Nesse domingo, os estudantes fizeram as provas de linguagens e ci\u00eancias humanas, al\u00e9m da reda\u00e7\u00e3o. No pr\u00f3ximo, dia 12, far\u00e3o as provas objetivas de ci\u00eancias da natureza e matem\u00e1tica. &nbsp;<\/p>\n<p style=\"text-align: justify;\">As notas das provas&nbsp;podem ser usadas para&nbsp;concorrer a vagas no ensino superior&nbsp;p\u00fablico, pelo Sistema de Sele\u00e7\u00e3o Unificada (Sisu); a bolsas de estudo em institui\u00e7\u00f5es privadas de ensino superior, pelo Programa Universidade para Todos (ProUni); e a financiamentos do Fundo de Financiamento Estudantil (Fies). O Enem tamb\u00e9m pode ser usado para&nbsp;estudar no exterior.&nbsp;&nbsp;<\/p>\n<h2 style=\"text-align: justify;\">Corre\u00e7\u00e3o&nbsp;<\/h2>\n<p style=\"text-align: justify;\">Ap\u00f3s a realiza\u00e7\u00e3o das provas, o cons\u00f3rcio aplicador do Enem recebe os malotes, e as equipes separam e digitalizam o cart\u00e3o-resposta e a folha da reda\u00e7\u00e3o de cada candidato. Todo o processo \u00e9 monitorado por c\u00e2meras de seguran\u00e7a em tempo integral. Ser\u00e3o corrigidas somente as respostas efetivamente marcadas no Cart\u00e3o-Resposta, sem emendas ou rasuras, com caneta esferogr\u00e1fica de tinta preta fabricada em material transparente. &nbsp;<\/p>\n<p style=\"text-align: justify;\">Mesmo com os gabaritos das provas em m\u00e3os, ainda n\u00e3o ser\u00e1 poss\u00edvel saber qual foi a nota da prova. Isso porque o Enem utiliza como&nbsp;m\u00e9todo de corre\u00e7\u00e3o&nbsp;a chamada teoria de resposta ao item (TRI). As notas variam de acordo com os acertos e erros dos alunos em cada prova. &nbsp;&nbsp;<\/p>\n<p style=\"text-align: justify;\">O sistema \u00e9 conhecido como m\u00e9todo antichute. Na prova objetiva do Enem, a nota n\u00e3o \u00e9 calculada levando em conta somente o n\u00famero de quest\u00f5es corretas, mas tamb\u00e9m a coer\u00eancia das respostas do participante ao conjunto das quest\u00f5es que formam a prova, ou seja, \u00e9 esperado que um estudante que acerte quest\u00f5es muito dif\u00edceis, acerte tamb\u00e9m as muito f\u00e1ceis. &nbsp;<\/p>\n<p style=\"text-align: justify;\">Se isso n\u00e3o acontecer, o sistema pode entender que ele chutou e, por isso, pontuar\u00e1 menos nessa quest\u00e3o do que candidatos que tenham mantido certa coer\u00eancia esperada. A recomenda\u00e7\u00e3o de professores \u00e9, portanto, que os estudantes garantam as quest\u00f5es f\u00e1ceis e m\u00e9dias das provas antes de dedicar mais tempo \u00e0s dif\u00edceis, para assegurar a coer\u00eancia. &nbsp;<\/p>\n<p style=\"text-align: justify;\">Outra caracter\u00edstica da TRI \u00e9 n\u00e3o ter um limite inferior ou superior padr\u00e3o entre as \u00e1reas de conhecimento. Isso significa que as profici\u00eancias dos participantes n\u00e3o variam entre zero e mil. Os valores m\u00e1ximos e m\u00ednimos de cada prova depender\u00e3o das caracter\u00edsticas dos itens selecionados. &nbsp;<\/p>\n<p>&nbsp;<\/p>\n<p><em>Fonte: Ag\u00eancia Brasil.<\/em><\/p>","protected":false},"excerpt":{"rendered":"<p>Os candidatos que fizeram o Exame Nacional do Ensino M\u00e9dio (Enem) 2023 no domingo (5) precisar\u00e3o esperar mais um pouco para conferir os gabaritos oficiais das provas objetivas. Eles ser\u00e3o divulgados at\u00e9 o dia 24 de novembro, de acordo com o Instituto Nacional de Estudos e Pesquisas Educacionais An\u00edsio Teixeira (Inep). Cerca de 2,8 milh\u00f5es&nbsp;de<\/p>\n<div class=\"read-more-wrapper\"><a class=\"read-more\" href=\"https:\/\/www2.comunitaria.com.br\/en\/gabarito-oficial-do-enem-2023-sera-divulgado-ate-o-dia-24-de-novembro\/\" title=\"Read More\"> <span class=\"button\">Read More<\/span><\/a><\/div>","protected":false},"author":2,"featured_media":60614,"comment_status":"closed","ping_status":"closed","sticky":false,"template":"","format":"standard","meta":{"ngg_post_thumbnail":0,"footnotes":""},"categories":[28],"tags":[],"class_list":["post-60612","post","type-post","status-publish","format-standard","has-post-thumbnail","hentry","category-destaque"],"amp_enabled":true,"_links":{"self":[{"href":"https:\/\/www2.comunitaria.com.br\/en\/wp-json\/wp\/v2\/posts\/60612","targetHints":{"allow":["GET"]}}],"collection":[{"href":"https:\/\/www2.comunitaria.com.br\/en\/wp-json\/wp\/v2\/posts"}],"about":[{"href":"https:\/\/www2.comunitaria.com.br\/en\/wp-json\/wp\/v2\/types\/post"}],"author":[{"embeddable":true,"href":"https:\/\/www2.comunitaria.com.br\/en\/wp-json\/wp\/v2\/users\/2"}],"replies":[{"embeddable":true,"href":"https:\/\/www2.comunitaria.com.br\/en\/wp-json\/wp\/v2\/comments?post=60612"}],"version-history":[{"count":0,"href":"https:\/\/www2.comunitaria.com.br\/en\/wp-json\/wp\/v2\/posts\/60612\/revisions"}],"wp:featuredmedia":[{"embeddable":true,"href":"https:\/\/www2.comunitaria.com.br\/en\/wp-json\/wp\/v2\/media\/60614"}],"wp:attachment":[{"href":"https:\/\/www2.comunitaria.com.br\/en\/wp-json\/wp\/v2\/media?parent=60612"}],"wp:term":[{"taxonomy":"category","embeddable":true,"href":"https:\/\/www2.comunitaria.com.br\/en\/wp-json\/wp\/v2\/categories?post=60612"},{"taxonomy":"post_tag","embeddable":true,"href":"https:\/\/www2.comunitaria.com.br\/en\/wp-json\/wp\/v2\/tags?post=60612"}],"curies":[{"name":"wp","href":"https:\/\/api.w.org\/{rel}","templated":true}]}}