{"id":60317,"date":"2023-10-20T16:54:42","date_gmt":"2023-10-20T18:54:42","guid":{"rendered":"http:\/\/www2.comunitaria.com.br\/?p=60317"},"modified":"2023-10-20T16:54:42","modified_gmt":"2023-10-20T18:54:42","slug":"fw-tera-exibicoes-gratuitas-de-filmes-selecionados-na-mostra-sesc-de-cinema","status":"publish","type":"post","link":"https:\/\/www2.comunitaria.com.br\/en\/fw-tera-exibicoes-gratuitas-de-filmes-selecionados-na-mostra-sesc-de-cinema\/","title":{"rendered":"FW ter\u00e1 exibi\u00e7\u00f5es gratuitas de filmes selecionados na Mostra Sesc de Cinema"},"content":{"rendered":"<p dir=\"ltr\" style=\"text-align: justify;\">Frederico Westphalen vai receber, entre os dias 24 e 31 de outubro, sess\u00f5es gratuitas de exibi\u00e7\u00e3o dos filmes selecionados ao Panorama Estadual da 6\u00aa Mostra Sesc de Cinema, um dos principais projetos de incentivo ao cinema independente no Brasil. S\u00e3o 16 obras ga\u00fachas, entre curtas, m\u00e9dia e longa-metragens de fic\u00e7\u00e3o e document\u00e1rios, que poder\u00e3o ser prestigiadas. Al\u00e9m delas, o filme \u201cPossa Poder\u201d, selecionado ao Panorama Nacional da Mostra, para exibi\u00e7\u00e3o em todo o Pa\u00eds, tamb\u00e9m est\u00e1 na agenda de exibi\u00e7\u00f5es. Os trabalhos, cujas sinopses e fichas t\u00e9cnicas podem ser consultadas no site <a href=\"http:\/\/www.sesc-rs.com.br\/v-mostradecinema\/\" target=\"_blank\" rel=\"noopener\" data-saferedirecturl=\"https:\/\/www.google.com\/url?q=http:\/\/www.sesc-rs.com.br\/v-mostradecinema\/&amp;source=gmail&amp;ust=1697913018279000&amp;usg=AOvVaw2HrXTDxZCkRjupXGOwMwWY\">www.sesc-rs.com.br\/v-<wbr>mostradecinema<\/a>, foram escolhidos por uma curadoria especializada que avaliou centenas de inscritos, levando em conta aspectos t\u00e9cnicos e narrativos, e a abordagem de quest\u00f5es sociais.<\/p>\n<p dir=\"ltr\" style=\"text-align: justify;\">Promovidas pelo Sesc da cidade, as exibi\u00e7\u00f5es ocorrer\u00e3o em diferentes espa\u00e7os de Frederico Westphalen: o audit\u00f3rio da Escola Sep\u00e9 Tiaraju nos dias 24 e 25, o sal\u00e3o social do IFFar no dia 26, e a Sala Multiuso do Sesc nos dias 27 e 31\/10. A agenda completa pode ser conferida abaixo. As entradas s\u00e3o gratuitas e n\u00e3o \u00e9 necess\u00e1rio agendar a presen\u00e7a antecipadamente. Outras informa\u00e7\u00f5es podem ser obtidas pelo telefone\/WhatsApp (55) 3744-7450.<\/p>\n<h3 dir=\"ltr\" style=\"text-align: justify;\">Mostra Sesc de Cinema&nbsp;<\/h3>\n<p dir=\"ltr\" style=\"text-align: justify;\">A Mostra Sesc de Cinema \u00e9 resultado do edital nacional lan\u00e7ado para sele\u00e7\u00e3o de filmes nas modalidades curta, m\u00e9dia e longa-metragem. O projeto tem o intuito de contribuir na difus\u00e3o da produ\u00e7\u00e3o cinematogr\u00e1fica brasileira e incentivar a linguagem audiovisual. Desta maneira, possibilita reconhecimento, visibilidade e janelas de exibi\u00e7\u00e3o \u00e0s produ\u00e7\u00f5es. Em 2023, na 6\u00aa edi\u00e7\u00e3o, foram selecionadas 34 produ\u00e7\u00f5es (10 longas-metragens, um m\u00e9dia e 23 curtas) ao Panorama Nacional. Os filmes s\u00e3o licenciados pelo per\u00edodo de um ano e percorrem o Pa\u00eds. Tamb\u00e9m s\u00e3o selecionadas produ\u00e7\u00f5es estaduais para exibi\u00e7\u00e3o local no Panorama Estadual.<\/p>\n<h2 dir=\"ltr\" style=\"text-align: justify;\">Programa\u00e7\u00e3o:<\/h2>\n<p dir=\"ltr\" style=\"text-align: justify;\">Escola Sep\u00e9 Tiaraju<\/p>\n<p dir=\"ltr\" style=\"text-align: justify;\">Endere\u00e7o: Rua do Com\u00e9rcio, 228<\/p>\n<p dir=\"ltr\" style=\"text-align: justify;\">&#8211; 24\/10 | 19h30 \u2013 Filmes: Aos Amaros do mundo | Piratinin | Ver\u00f4nica \u2013 Debate ap\u00f3s os filmes&nbsp;<\/p>\n<p dir=\"ltr\" style=\"text-align: justify;\">&#8211; 25\/10 | 19h30 \u2013 Filmes: Madrugada | Rua dos Negros | Esclerosada n\u00e3o \u00e9 a v\u00f3 \u2013 Debate ap\u00f3s os filmes<\/p>\n<p style=\"text-align: justify;\">&nbsp;<\/p>\n<p dir=\"ltr\" style=\"text-align: justify;\">Instituto Federal Farroupilha \u2013 IFFar \u2013 Sal\u00e3o Social&nbsp;<\/p>\n<p dir=\"ltr\" style=\"text-align: justify;\">Endere\u00e7o: Linha 7 de setembro, BR 386 \u2013 km 40 s\/n<\/p>\n<p dir=\"ltr\" style=\"text-align: justify;\">&#8211; 26\/10 | 19h30 &#8211; Filme: O Acidente &#8211; Debate ap\u00f3s o filme&nbsp;<\/p>\n<p style=\"text-align: justify;\">&nbsp;<\/p>\n<p dir=\"ltr\" style=\"text-align: justify;\">Sala Multiuso do Sesc Frederico Westphalen<\/p>\n<p dir=\"ltr\" style=\"text-align: justify;\">Endere\u00e7o: Rua Arthur Milani, 854 \u2013 1\u00ba andar \u2013 Centro<\/p>\n<p dir=\"ltr\" style=\"text-align: justify;\">&#8211; 27\/10 | 20h30 \u2013 Filmes: Guata | Perfection | Possa Poder \u2013 Debate ap\u00f3s os filmes&nbsp;<\/p>\n<p dir=\"ltr\" style=\"text-align: justify;\">&#8211; 31\/10 | 14h00 \u2013 Filmes: Salar de uyuni e maternidade | NAU | Era uma vez uma princesa | Carta ao pai \u2013 Debate ap\u00f3s os filmes&nbsp;<\/p>\n<p dir=\"ltr\" style=\"text-align: justify;\">&#8211; 31\/10 | 18h00 &#8211; Filmes: C\u00e9u aberto | Um certo cinema de porto alegre | Quando a universidade \u00e9 a nossa casa \u2013 Debate ap\u00f3s os filmes<\/p>\n<p dir=\"ltr\" style=\"text-align: justify;\">&nbsp;<\/p>\n<p dir=\"ltr\" style=\"text-align: justify;\"><em>Com informa\u00e7\u00f5es da Ascom do Sesc.<\/em><\/p>","protected":false},"excerpt":{"rendered":"<p>Frederico Westphalen vai receber, entre os dias 24 e 31 de outubro, sess\u00f5es gratuitas de exibi\u00e7\u00e3o dos filmes selecionados ao Panorama Estadual da 6\u00aa Mostra Sesc de Cinema, um dos&#8230;<\/p>","protected":false},"author":2,"featured_media":60319,"comment_status":"open","ping_status":"closed","sticky":false,"template":"","format":"standard","meta":{"ngg_post_thumbnail":0,"footnotes":""},"categories":[33],"tags":[],"class_list":["post-60317","post","type-post","status-publish","format-standard","has-post-thumbnail","hentry","category-noticias"],"amp_enabled":true,"_links":{"self":[{"href":"https:\/\/www2.comunitaria.com.br\/en\/wp-json\/wp\/v2\/posts\/60317","targetHints":{"allow":["GET"]}}],"collection":[{"href":"https:\/\/www2.comunitaria.com.br\/en\/wp-json\/wp\/v2\/posts"}],"about":[{"href":"https:\/\/www2.comunitaria.com.br\/en\/wp-json\/wp\/v2\/types\/post"}],"author":[{"embeddable":true,"href":"https:\/\/www2.comunitaria.com.br\/en\/wp-json\/wp\/v2\/users\/2"}],"replies":[{"embeddable":true,"href":"https:\/\/www2.comunitaria.com.br\/en\/wp-json\/wp\/v2\/comments?post=60317"}],"version-history":[{"count":0,"href":"https:\/\/www2.comunitaria.com.br\/en\/wp-json\/wp\/v2\/posts\/60317\/revisions"}],"wp:featuredmedia":[{"embeddable":true,"href":"https:\/\/www2.comunitaria.com.br\/en\/wp-json\/wp\/v2\/media\/60319"}],"wp:attachment":[{"href":"https:\/\/www2.comunitaria.com.br\/en\/wp-json\/wp\/v2\/media?parent=60317"}],"wp:term":[{"taxonomy":"category","embeddable":true,"href":"https:\/\/www2.comunitaria.com.br\/en\/wp-json\/wp\/v2\/categories?post=60317"},{"taxonomy":"post_tag","embeddable":true,"href":"https:\/\/www2.comunitaria.com.br\/en\/wp-json\/wp\/v2\/tags?post=60317"}],"curies":[{"name":"wp","href":"https:\/\/api.w.org\/{rel}","templated":true}]}}