{"id":60016,"date":"2023-09-28T17:26:06","date_gmt":"2023-09-28T19:26:06","guid":{"rendered":"http:\/\/www2.comunitaria.com.br\/?p=60016"},"modified":"2023-09-28T17:43:42","modified_gmt":"2023-09-28T19:43:42","slug":"conab-prepara-proposta-de-subsidio-aos-produtores-de-leite-para-apresentar-ao-governo-federal","status":"publish","type":"post","link":"https:\/\/www2.comunitaria.com.br\/en\/conab-prepara-proposta-de-subsidio-aos-produtores-de-leite-para-apresentar-ao-governo-federal\/","title":{"rendered":"Conab prepara proposta de subs\u00eddio aos produtores de leite para apresentar ao governo federal"},"content":{"rendered":"<p style=\"text-align: justify;\">Em reuni\u00e3o com entidades da agricultura familiar em Lajeado, no Vale do Taquari, o presidente da Companhia Nacional de Abastecimento (Conab), Edegar Pretto, afirmou nesta quinta-feira (28) que a estatal est\u00e1 organizando uma proposta, a pedido do governo federal, para criar um programa nacional de subs\u00eddio aos produtores de leite. A iniciativa atende demanda apresentada ao governo por diversas organiza\u00e7\u00f5es ligadas ao campo.<\/p>\n<p style=\"text-align: justify;\">\u201cO governo federal est\u00e1 sens\u00edvel \u00e0 situa\u00e7\u00e3o dos produtores de leite e a Conab est\u00e1 mobilizada e estudando uma proposta para viabilizar esse programa e a perman\u00eancia das fam\u00edlias no campo. Al\u00e9m disso, j\u00e1 estamos com os editais abertos para a compra de leite em p\u00f3 da agricultura familiar\u201d, destacou.<\/p>\n<p style=\"text-align: justify;\">A Companhia est\u00e1 fazendo um levantamento do pre\u00e7o m\u00e9dio pago aos produtores em anos passados, com o Centro de Estudos Avan\u00e7ados em Economia Aplicada (CEPEA), da Universidade de S\u00e3o Paulo (USP), e o Conselho Parit\u00e1rio entre Produtores de Leite e Ind\u00fastrias de Latic\u00ednios (Conseleite), para apresentar esse estudo ao governo.<\/p>\n<p style=\"text-align: justify;\">Ainda n\u00e3o est\u00e1 definido qual ser\u00e1 o investimento total, nem quantas fam\u00edlias ou locais ser\u00e3o beneficiados. No entanto, sabe-se que os pre\u00e7os est\u00e3o baixos no Rio Grande do Sul e em Santa Catarina, pelas quest\u00f5es de mercado. No territ\u00f3rio ga\u00facho, de acordo com entidades do setor, os produtores est\u00e3o recebendo menos de R$ 2,00 pelo litro de leite.<\/p>\n<h3 style=\"text-align: justify;\">Compra de leite em p\u00f3<\/h3>\n<p style=\"text-align: justify;\">Ainda para amenizar os impactos da crise do leite, que se agravou nos \u00faltimos anos pela aus\u00eancia de pol\u00edticas de incentivo ao setor e a importa\u00e7\u00e3o de produtos l\u00e1cteos de pa\u00edses vizinhos, como a Argentina e o Uruguai, a Conab destinou R$ 100 milh\u00f5es do seu or\u00e7amento para a aquisi\u00e7\u00e3o de 2,1 mil toneladas de leite em p\u00f3 da agricultura familiar da regi\u00e3o Sul do pa\u00eds. A chamada p\u00fablica foi aberta no dia 20 de setembro.<\/p>\n<p style=\"text-align: justify;\">A estatal vai comprar, por meio do Programa de Aquisi\u00e7\u00e3o de Alimentos (PAA), 1,8 mil toneladas de leite em p\u00f3 do Rio Grande do Sul, 200 toneladas de Santa Catarina e 100 toneladas do Paran\u00e1. O alimento ser\u00e1 destinado para o atendimento de cozinhas comunit\u00e1rias e solid\u00e1rias, a suplementa\u00e7\u00e3o de cestas de alimentos e demais prioridades estabelecidas pelo Minist\u00e9rio do Desenvolvimento Social (MDS).<\/p>\n<p>&nbsp;<\/p>\n<p style=\"text-align: justify;\">&nbsp;<\/p>\n<p style=\"text-align: justify;\"><em>Com informa\u00e7\u00f5es da Conab.&nbsp;<\/em><\/p>","protected":false},"excerpt":{"rendered":"<p>Em reuni\u00e3o com entidades da agricultura familiar em Lajeado, no Vale do Taquari, o presidente da Companhia Nacional de Abastecimento (Conab), Edegar Pretto, afirmou nesta quinta-feira (28) que a estatal&#8230;<\/p>","protected":false},"author":2,"featured_media":60018,"comment_status":"open","ping_status":"closed","sticky":false,"template":"","format":"standard","meta":{"ngg_post_thumbnail":0,"footnotes":""},"categories":[28],"tags":[],"class_list":["post-60016","post","type-post","status-publish","format-standard","has-post-thumbnail","hentry","category-destaque"],"amp_enabled":true,"_links":{"self":[{"href":"https:\/\/www2.comunitaria.com.br\/en\/wp-json\/wp\/v2\/posts\/60016","targetHints":{"allow":["GET"]}}],"collection":[{"href":"https:\/\/www2.comunitaria.com.br\/en\/wp-json\/wp\/v2\/posts"}],"about":[{"href":"https:\/\/www2.comunitaria.com.br\/en\/wp-json\/wp\/v2\/types\/post"}],"author":[{"embeddable":true,"href":"https:\/\/www2.comunitaria.com.br\/en\/wp-json\/wp\/v2\/users\/2"}],"replies":[{"embeddable":true,"href":"https:\/\/www2.comunitaria.com.br\/en\/wp-json\/wp\/v2\/comments?post=60016"}],"version-history":[{"count":0,"href":"https:\/\/www2.comunitaria.com.br\/en\/wp-json\/wp\/v2\/posts\/60016\/revisions"}],"wp:featuredmedia":[{"embeddable":true,"href":"https:\/\/www2.comunitaria.com.br\/en\/wp-json\/wp\/v2\/media\/60018"}],"wp:attachment":[{"href":"https:\/\/www2.comunitaria.com.br\/en\/wp-json\/wp\/v2\/media?parent=60016"}],"wp:term":[{"taxonomy":"category","embeddable":true,"href":"https:\/\/www2.comunitaria.com.br\/en\/wp-json\/wp\/v2\/categories?post=60016"},{"taxonomy":"post_tag","embeddable":true,"href":"https:\/\/www2.comunitaria.com.br\/en\/wp-json\/wp\/v2\/tags?post=60016"}],"curies":[{"name":"wp","href":"https:\/\/api.w.org\/{rel}","templated":true}]}}