{"id":59979,"date":"2023-09-27T12:12:11","date_gmt":"2023-09-27T14:12:11","guid":{"rendered":"http:\/\/www2.comunitaria.com.br\/?p=59979"},"modified":"2023-09-27T12:12:11","modified_gmt":"2023-09-27T14:12:11","slug":"produtores-de-leite-realizam-protesto-em-fw","status":"publish","type":"post","link":"https:\/\/www2.comunitaria.com.br\/en\/produtores-de-leite-realizam-protesto-em-fw\/","title":{"rendered":"Produtores de leite realizam protesto em FW"},"content":{"rendered":"<p>Na manh\u00e3 desta quarta-feira, 27, cerca de 500 produtores regionais de leite realizam manifesta\u00e7\u00e3o&nbsp; em Frederico Westphalen em virtude de problemas causados pela facilita\u00e7\u00e3o da importa\u00e7\u00e3o do produto de pa\u00edses do Mercosul<strong><a href=\"http:\/\/www2.comunitaria.com.br\/en\/portaria-sobre-importacao-assinada-por-bolsonaro-tem-afetado-diretamente-produtores-de-leite-da-regiao\/\" target=\"_blank\" rel=\"noopener\"> por meio de resolu\u00e7\u00e3o assinada em 2022, durante o antigo governo Bolsonaro.<\/a>&nbsp;<\/strong> A mobiliza\u00e7\u00e3o teve como ponto inicial o Parque de Exposi\u00e7\u00f5es e logo ap\u00f3s os agricultores seguiram em passeata pela BR-386. A previs\u00e3o \u00e9 de fechamento da via em alguns momentos.&nbsp;<\/p>\n<p>A manifesta\u00e7\u00e3o \u00e9 coordenada pela Federa\u00e7\u00e3o&nbsp; dos Trabalhadores na Agricultura (Fetag\/RS) e pela Associa\u00e7\u00e3o de Sindicatos dos Trabalhadores Rurais da Regi\u00e3o do M\u00e9dio e Alto Uruguai.&nbsp;<\/p>\n<p>A Pol\u00edcia Rodovi\u00e1ria Federal acompanha e presta apoio.&nbsp;<\/p>\n<p>&nbsp;<\/p>\n<p>&nbsp;<\/p>","protected":false},"excerpt":{"rendered":"<p>Na manh\u00e3 desta quarta-feira, 27, cerca de 500 produtores regionais de leite realizam manifesta\u00e7\u00e3o&nbsp; em Frederico Westphalen em virtude de problemas causados pela facilita\u00e7\u00e3o da importa\u00e7\u00e3o do produto de pa\u00edses do Mercosul por meio de resolu\u00e7\u00e3o assinada em 2022, durante o antigo governo Bolsonaro.&nbsp; A mobiliza\u00e7\u00e3o teve como ponto inicial o Parque de Exposi\u00e7\u00f5es e<\/p>\n<div class=\"read-more-wrapper\"><a class=\"read-more\" href=\"https:\/\/www2.comunitaria.com.br\/en\/produtores-de-leite-realizam-protesto-em-fw\/\" title=\"Read More\"> <span class=\"button\">Read More<\/span><\/a><\/div>","protected":false},"author":2,"featured_media":59984,"comment_status":"open","ping_status":"closed","sticky":false,"template":"","format":"standard","meta":{"ngg_post_thumbnail":0,"footnotes":""},"categories":[28],"tags":[],"class_list":["post-59979","post","type-post","status-publish","format-standard","has-post-thumbnail","hentry","category-destaque"],"amp_enabled":true,"_links":{"self":[{"href":"https:\/\/www2.comunitaria.com.br\/en\/wp-json\/wp\/v2\/posts\/59979","targetHints":{"allow":["GET"]}}],"collection":[{"href":"https:\/\/www2.comunitaria.com.br\/en\/wp-json\/wp\/v2\/posts"}],"about":[{"href":"https:\/\/www2.comunitaria.com.br\/en\/wp-json\/wp\/v2\/types\/post"}],"author":[{"embeddable":true,"href":"https:\/\/www2.comunitaria.com.br\/en\/wp-json\/wp\/v2\/users\/2"}],"replies":[{"embeddable":true,"href":"https:\/\/www2.comunitaria.com.br\/en\/wp-json\/wp\/v2\/comments?post=59979"}],"version-history":[{"count":0,"href":"https:\/\/www2.comunitaria.com.br\/en\/wp-json\/wp\/v2\/posts\/59979\/revisions"}],"wp:featuredmedia":[{"embeddable":true,"href":"https:\/\/www2.comunitaria.com.br\/en\/wp-json\/wp\/v2\/media\/59984"}],"wp:attachment":[{"href":"https:\/\/www2.comunitaria.com.br\/en\/wp-json\/wp\/v2\/media?parent=59979"}],"wp:term":[{"taxonomy":"category","embeddable":true,"href":"https:\/\/www2.comunitaria.com.br\/en\/wp-json\/wp\/v2\/categories?post=59979"},{"taxonomy":"post_tag","embeddable":true,"href":"https:\/\/www2.comunitaria.com.br\/en\/wp-json\/wp\/v2\/tags?post=59979"}],"curies":[{"name":"wp","href":"https:\/\/api.w.org\/{rel}","templated":true}]}}