{"id":59926,"date":"2023-09-22T12:54:40","date_gmt":"2023-09-22T14:54:40","guid":{"rendered":"http:\/\/www2.comunitaria.com.br\/?p=59926"},"modified":"2023-09-22T12:54:40","modified_gmt":"2023-09-22T14:54:40","slug":"primavera-comeca-as-3h50-deste-sabado","status":"publish","type":"post","link":"https:\/\/www2.comunitaria.com.br\/en\/primavera-comeca-as-3h50-deste-sabado\/","title":{"rendered":"Primavera come\u00e7a \u00e0s 3h50 deste s\u00e1bado"},"content":{"rendered":"<p style=\"text-align: justify;\">Come\u00e7a na madrugada deste s\u00e1bado (23), mais precisamente \u00e0s 3h50 da madrugada, a primavera no hemisf\u00e9rio sul. \u00c9 neste hor\u00e1rio que ocorre o chamado equin\u00f3cio de primavera, quando o dia e a noite t\u00eam a mesma dura\u00e7\u00e3o. \u00c9 tamb\u00e9m neste hor\u00e1rio que acontece, no hemisf\u00e9rio norte, o equin\u00f3cio de outono.<img decoding=\"async\" src=\"https:\/\/agenciabrasil.ebc.com.br\/ebc.png?id=1556866&amp;o=node\"><img decoding=\"async\" src=\"https:\/\/agenciabrasil.ebc.com.br\/ebc.gif?id=1556866&amp;o=node\"><\/p>\n<p style=\"text-align: justify;\">Segundo o Observat\u00f3rio Nacional, o que marca as esta\u00e7\u00f5es do ano \u00e9 exatamente a maneira como os raios solares incidem nos hemisf\u00e9rios.<\/p>\n<p style=\"text-align: justify;\">\u201cAl\u00e9m da temperatura, um dos efeitos que evidenciam as esta\u00e7\u00f5es \u00e9 a varia\u00e7\u00e3o dos comprimentos dos dias, ou seja, a quantidade de tempo que o Sol fica acima do horizonte\u201d, informou o Observat\u00f3rio Nacional, ligado ao Minist\u00e9rio da Ci\u00eancia, Tecnologia e Inova\u00e7\u00e3o.<\/p>\n<p style=\"text-align: justify;\">As esta\u00e7\u00f5es s\u00e3o mais percebidas na medida em que se afastam da linha do equador &#8211; linha imagin\u00e1ria que divide os dois hemisf\u00e9rios. Assim sendo, as caracter\u00edsticas de cada esta\u00e7\u00e3o praticamente n\u00e3o existem nas regi\u00f5es pr\u00f3ximas a essa linha.<\/p>\n<p style=\"text-align: justify;\">\u201cNo in\u00edcio da primavera, os dias ter\u00e3o aproximadamente o mesmo comprimento das noites. No hemisf\u00e9rio sul, os dias v\u00e3o ficando cada vez maiores e as noites cada vez menores, at\u00e9 o maior dia do ano, que ocorre no in\u00edcio do ver\u00e3o, que neste ano ser\u00e1 no dia 22 de dezembro\u201d, explicou Josina Nascimento, astr\u00f4noma do Observat\u00f3rio Nacional.<\/p>\n<h2 style=\"text-align: justify;\">Rota\u00e7\u00e3o da Terra<\/h2>\n<p style=\"text-align: justify;\">As diferentes esta\u00e7\u00f5es do ano decorrem da inclina\u00e7\u00e3o do eixo de rota\u00e7\u00e3o da Terra em rela\u00e7\u00e3o ao plano de \u00f3rbita; e da posi\u00e7\u00e3o do planeta em seu movimento de transla\u00e7\u00e3o ao redor do Sol.<\/p>\n<p style=\"text-align: justify;\">\u201c\u00c0 medida que a Terra orbita o Sol, seu eixo inclinado sempre aponta na mesma dire\u00e7\u00e3o e isso faz com que diferentes partes da Terra recebam os raios diretos do Sol\u201d, esclarece o Observat\u00f3rio.<\/p>\n<p style=\"text-align: justify;\">Os solst\u00edcios e os equin\u00f3cios n\u00e3o ocorrem sempre nos mesmos dias do ano. Em alguns anos, por exemplo, ele pode ser no dia 22. Em outros, a exemplo deste ano, podem acontecer no dia 23. Entre os motivos dessas diferen\u00e7as est\u00e1 o de que o tempo decorrido entre dois equin\u00f3cios \u00e9 menor que o ano sideral, definido como o tempo de transla\u00e7\u00e3o da Terra em torno do Sol.<\/p>\n<p style=\"text-align: justify;\">\u201cO nosso Calend\u00e1rio Gregoriano baseia-se no ano tr\u00f3pico e institui um ano bissexto em todos os anos divis\u00edveis por quatro, exceto para s\u00e9culos inteiros, que s\u00f3 s\u00e3o bissextos se forem m\u00faltiplos de 400. Isso faz com que o instante do in\u00edcio de uma esta\u00e7\u00e3o seja pr\u00f3ximo ao instante do in\u00edcio da mesma esta\u00e7\u00e3o quatro anos antes ou quatro anos depois\u201d, finalizou o Observat\u00f3rio.<\/p>\n<p style=\"text-align: justify;\">&nbsp;<\/p>\n<p style=\"text-align: justify;\"><em>Fonte: Ag\u00eancia Brasil.&nbsp;<\/em><\/p>","protected":false},"excerpt":{"rendered":"<p>Come\u00e7a na madrugada deste s\u00e1bado (23), mais precisamente \u00e0s 3h50 da madrugada, a primavera no hemisf\u00e9rio sul. \u00c9 neste hor\u00e1rio que ocorre o chamado equin\u00f3cio de primavera, quando o dia e a noite t\u00eam a mesma dura\u00e7\u00e3o. \u00c9 tamb\u00e9m neste hor\u00e1rio que acontece, no hemisf\u00e9rio norte, o equin\u00f3cio de outono. Segundo o Observat\u00f3rio Nacional, o<\/p>\n<div class=\"read-more-wrapper\"><a class=\"read-more\" href=\"https:\/\/www2.comunitaria.com.br\/en\/primavera-comeca-as-3h50-deste-sabado\/\" title=\"Read More\"> <span class=\"button\">Read More<\/span><\/a><\/div>","protected":false},"author":2,"featured_media":59928,"comment_status":"open","ping_status":"closed","sticky":false,"template":"","format":"standard","meta":{"ngg_post_thumbnail":0,"footnotes":""},"categories":[28],"tags":[],"class_list":["post-59926","post","type-post","status-publish","format-standard","has-post-thumbnail","hentry","category-destaque"],"amp_enabled":true,"_links":{"self":[{"href":"https:\/\/www2.comunitaria.com.br\/en\/wp-json\/wp\/v2\/posts\/59926","targetHints":{"allow":["GET"]}}],"collection":[{"href":"https:\/\/www2.comunitaria.com.br\/en\/wp-json\/wp\/v2\/posts"}],"about":[{"href":"https:\/\/www2.comunitaria.com.br\/en\/wp-json\/wp\/v2\/types\/post"}],"author":[{"embeddable":true,"href":"https:\/\/www2.comunitaria.com.br\/en\/wp-json\/wp\/v2\/users\/2"}],"replies":[{"embeddable":true,"href":"https:\/\/www2.comunitaria.com.br\/en\/wp-json\/wp\/v2\/comments?post=59926"}],"version-history":[{"count":0,"href":"https:\/\/www2.comunitaria.com.br\/en\/wp-json\/wp\/v2\/posts\/59926\/revisions"}],"wp:featuredmedia":[{"embeddable":true,"href":"https:\/\/www2.comunitaria.com.br\/en\/wp-json\/wp\/v2\/media\/59928"}],"wp:attachment":[{"href":"https:\/\/www2.comunitaria.com.br\/en\/wp-json\/wp\/v2\/media?parent=59926"}],"wp:term":[{"taxonomy":"category","embeddable":true,"href":"https:\/\/www2.comunitaria.com.br\/en\/wp-json\/wp\/v2\/categories?post=59926"},{"taxonomy":"post_tag","embeddable":true,"href":"https:\/\/www2.comunitaria.com.br\/en\/wp-json\/wp\/v2\/tags?post=59926"}],"curies":[{"name":"wp","href":"https:\/\/api.w.org\/{rel}","templated":true}]}}