{"id":59905,"date":"2023-09-20T13:11:47","date_gmt":"2023-09-20T15:11:47","guid":{"rendered":"http:\/\/www2.comunitaria.com.br\/?p=59905"},"modified":"2023-09-20T13:11:47","modified_gmt":"2023-09-20T15:11:47","slug":"perspectiva-da-conab-aponta-para-recuperacao-de-area-de-arroz-e-feijao-na-safra-2023-24","status":"publish","type":"post","link":"https:\/\/www2.comunitaria.com.br\/en\/perspectiva-da-conab-aponta-para-recuperacao-de-area-de-arroz-e-feijao-na-safra-2023-24\/","title":{"rendered":"Perspectiva da Conab aponta para recupera\u00e7\u00e3o de \u00e1rea de arroz e feij\u00e3o na safra 2023\/24"},"content":{"rendered":"<p style=\"text-align: justify;\">&nbsp;De acordo com a 11\u00aa edi\u00e7\u00e3o das Perspectivas para a Agropecu\u00e1ria &#8211; Safra 2023\/24, os agricultores dever\u00e3o destinar maior \u00e1rea para semeadura das duas importantes culturas para o abastecimento interno e seguran\u00e7a alimentar no pa\u00eds: o arroz e o feij\u00e3o. Isso se deu ap\u00f3s seguidos anos de registro de redu\u00e7\u00e3o de \u00e1rea que apontou necessidade&nbsp; de uma recupera\u00e7\u00e3o no plantio dessas culturas.<\/p>\n<p style=\"text-align: justify;\">A publica\u00e7\u00e3o, divulgada nesta ter\u00e7a-feira (19) pela Companhia Nacional de Abastecimento (Conab), aponta ainda que a produ\u00e7\u00e3o de gr\u00e3os na safra 2023\/24 deve chegar a 319,5 milh\u00f5es de toneladas. Se concretizado, o volume se coloca como o 2\u00ba maior j\u00e1 colhido na s\u00e9rie hist\u00f3rica, contribuindo para a garantia do abastecimento e para a gera\u00e7\u00e3o de divisas, por meio das exporta\u00e7\u00f5es.<\/p>\n<p style=\"text-align: justify;\">\u201cTemos uma proje\u00e7\u00e3o de produ\u00e7\u00e3o menor do que o total consolidado na safra que se encerrou, mas \u00e9 uma perspectiva inicial superior ao que registramos neste mesmo evento ano passado. Isso indica que podemos ter outra safra recorde, a depender dos ajustes que realizaremos durante o desenvolvimento das culturas. Se n\u00e3o for a maior safra, ser\u00e1 a segunda maior safra da hist\u00f3ria\u201d, afirma o presidente da Conab, Edegar Pretto.<\/p>\n<p style=\"text-align: justify;\">\u201cNossa preocupa\u00e7\u00e3o central, apesar da safra recorde neste ano, foi com a redu\u00e7\u00e3o da \u00e1rea plantada do arroz e feij\u00e3o, a menor dos \u00faltimos 47 anos. O estudo que hoje apresentamos traz agora uma boa not\u00edcia, que \u00e9 a melhoria da \u00e1rea plantada desses dois alimentos, sinalizando que teremos mais comida na mesa do brasileiro. A retomada de pol\u00edticas p\u00fablicas pelo governo brasileiro, como o Plano Safra, compras p\u00fablicas e garantia de pre\u00e7os m\u00ednimos deram um sinal positivo para quem quer produzir comida\u201d, completa.<\/p>\n<p style=\"text-align: justify;\">Para o arroz, o incremento na \u00e1rea plantada \u00e9 influenciado tanto pela expectativa de melhora no cen\u00e1rio de pre\u00e7os, que aliada a uma redu\u00e7\u00e3o de custos traz uma perspectiva de melhor rentabilidade para os produtores e produtoras. \u201cAl\u00e9m disso, o fen\u00f4meno El Ni\u00f1o tende a influenciar em uma prov\u00e1vel redu\u00e7\u00e3o de \u00e1rea de soja em \u00e1reas baixas em raz\u00e3o da expectativa de maior intensidade das chuvas. Com isso, o produtor tender\u00e1 a priorizar o arroz, que \u00e9 mais resistente \u00e0 inunda\u00e7\u00e3o\u201d, explica o diretor de Pol\u00edtica Agr\u00edcola e Informa\u00e7\u00f5es da Companhia, Silvio Porto.<\/p>\n<p style=\"text-align: justify;\">Diante deste cen\u00e1rio, a Companhia prev\u00ea que haja expans\u00e3o de \u00e1rea em torno de 10,2% na pr\u00f3xima safra e incremento de produtividade de 2,4%. Essa combina\u00e7\u00e3o de fatores resulta em uma proje\u00e7\u00e3o de crescimento de 12,8% no volume produzido de arroz pelo Brasil, totalizando uma safra nacional de 11,3 milh\u00f5es de toneladas.<\/p>\n<p style=\"text-align: justify;\">Tamb\u00e9m \u00e9 esperada uma alta na \u00e1rea semeada de feij\u00e3o, comportamento que pode ser explicado, em parte, pela expectativa de melhor rentabilidade frente \u00e0s culturas concorrentes, como soja e milho, pelo retorno mais r\u00e1pido do investimento devido ao ciclo mais curto da cultura, entre outros fatores. No entanto, este aumento da \u00e1rea plantada n\u00e3o ser\u00e1 acompanhado de uma melhora produtiva, uma vez que se projeta uma queda na produtividade m\u00e9dia das lavouras brasileiras, sobretudo em raz\u00e3o da probabilidade de ocorr\u00eancia de El Ni\u00f1o.<\/p>\n<p style=\"text-align: justify;\">\u201cCaso se confirme a presen\u00e7a desse fen\u00f4meno, possivelmente ocorrer\u00e1 uma redu\u00e7\u00e3o das precipita\u00e7\u00f5es pluviom\u00e9tricas na Regi\u00e3o Nordeste, e riscos de excesso de chuvas no Sul do pa\u00eds, durante os per\u00edodos de colheitas\u201d, pondera o gerente de Fibras e Alimentos B\u00e1sicos da Conab, Gabriel Rabello. Apesar da tend\u00eancia de redu\u00e7\u00e3o da produtividade da leguminosa, a maior \u00e1rea plantada sustenta a produ\u00e7\u00e3o nacional pr\u00f3xima de 3 milh\u00f5es de toneladas, o que garante o abastecimento.<\/p>\n<h3 style=\"text-align: justify;\">Soja, milho e algod\u00e3o<\/h3>\n<p style=\"text-align: justify;\">Para a soja, mesmo com os pre\u00e7os nacionais sob press\u00e3o baixista e perda na rentabilidade, a oleaginosa continua sendo uma cultura de elevada lucratividade e liquidez, o que influencia em uma expectativa de aumento de \u00e1rea no pr\u00f3ximo ciclo, podendo alcan\u00e7ar 45,3 milh\u00f5es de hectares. A produtividade m\u00e9dia das lavouras brasileiras tamb\u00e9m tendem a um acr\u00e9scimo de 2,22%, projetado para 3.586 quilos por hectare, o que resulta numa expectativa de um novo recorde para a produ\u00e7\u00e3o de 162,43 milh\u00f5es de toneladas.<\/p>\n<p style=\"text-align: justify;\">\u201cA tend\u00eancia de pre\u00e7os baixos est\u00e1 associada a um choque de oferta, no qual estima-se uma produ\u00e7\u00e3o mundial de soja para 2024 muito superior \u00e0 demanda. Ainda assim, a rentabilidade se apresenta mais positiva, devido principalmente pela redu\u00e7\u00e3o nos custos de produ\u00e7\u00e3o, em especial na queda de mais de 48% dos fertilizantes\u201d, analisa o gerente de Produtos Agropecu\u00e1rios da estatal, S\u00e9rgio Roberto Santos.<\/p>\n<p style=\"text-align: justify;\">Cen\u00e1rio oposto \u00e9 esperado para o milho. Ap\u00f3s um cen\u00e1rio muito favor\u00e1vel de pre\u00e7os, rentabilidade e liquidez, nota-se uma intensa redu\u00e7\u00e3o das cota\u00e7\u00f5es do cereal tanto no mercado internacional como no nacional. Com isso, os pre\u00e7os atuais e projetados n\u00e3o possuem uma rentabilidade atrativa para a cultura, o que dever\u00e1 refletir na redu\u00e7\u00e3o de \u00e1rea do gr\u00e3o no Brasil na safra 2023\/24. Tamb\u00e9m \u00e9 esperada uma menor produtividade no consolidado das tr\u00eas safras no pr\u00f3ximo ciclo, o que resulta numa proje\u00e7\u00e3o de 119,8 milh\u00f5es de toneladas de milho, ou seja, 9,1% inferior \u00e0 temporada 2022\/23.<\/p>\n<p style=\"text-align: justify;\">Diante de um panorama desafiador para o mercado de algod\u00e3o no in\u00edcio de 2023, quando a comercializa\u00e7\u00e3o interna e exporta\u00e7\u00f5es no primeiro semestre ficaram abaixo das expectativas, \u00e9 projetado um crescimento de \u00e1rea plantada da fibra em 2,61%, podendo chegar a 1,7 milh\u00e3o de hectares, explicado pela melhora na perspectiva de pre\u00e7os para a pluma. Mas, assim como o feij\u00e3o, a produtividade da cultura tende a ser reduzida pelos efeitos do El Ni\u00f1o, e consequentemente, a produ\u00e7\u00e3o final da pluma deve ficar em 2,99 milh\u00f5es de toneladas, 5% abaixo se comparada com a temporada 2022\/23.<\/p>\n<h3 style=\"text-align: justify;\">Carnes de frango, su\u00edna e bovina<\/h3>\n<p style=\"text-align: justify;\">As proje\u00e7\u00f5es de produ\u00e7\u00e3o de carne de frango em 2024 apontam para um volume em torno de 16 milh\u00f5es de toneladas. O resultado, caso confirmado, \u00e9 um novo recorde para a s\u00e9rie hist\u00f3rica, ultrapassando as 15,44 milh\u00f5es de toneladas que dever\u00e3o ser produzidas neste ano. O bom desempenho esperado influencia na expectativa da produ\u00e7\u00e3o dos tr\u00eas principais tipos de carnes no pa\u00eds, estimada em 30,85 milh\u00f5es de toneladas no pr\u00f3ximo ano.<\/p>\n<p style=\"text-align: justify;\">\u201cMais uma vez temos a expectativa de um novo recorde na produ\u00e7\u00e3o total de carnes no pa\u00eds, considerando bovinos, aves e su\u00ednos. A soma da redu\u00e7\u00e3o do insumos de produ\u00e7\u00e3o, como o milho, e a amplia\u00e7\u00e3o da oferta de prote\u00ednas no pa\u00eds consolida a tend\u00eancia de queda do pre\u00e7o da carne para os consumidores\u201d, refor\u00e7a Pretto.<\/p>\n<p style=\"text-align: justify;\">A boa produ\u00e7\u00e3o possibilita um aumento nas exporta\u00e7\u00f5es sem que a disponibilidade do produto no mercado interno seja afetada. De acordo com o as estimativas da Conab, os embarques da carne de frango podem chegar a 5,25 milh\u00f5es de toneladas no pr\u00f3ximo ano, alta de 3,6% em rela\u00e7\u00e3o ao volume projetado em 2023. J\u00e1 a disponibilidade interna deve passar de 10,37 milh\u00f5es de toneladas para 10,78 milh\u00f5es de toneladas, incremento de 3,9%.<\/p>\n<p style=\"text-align: justify;\">Estimativa de produ\u00e7\u00e3o recorde tamb\u00e9m para carne su\u00edna, saindo de 5,34 milh\u00f5es de toneladas previstas neste ano para 5,5 milh\u00f5es de toneladas em 2024. Com isso o panorama \u00e9 semelhante ao encontrado para o setor de aves, com alta de 2,1% nas exporta\u00e7\u00f5es, sendo estimadas em 1,24 milh\u00e3o de toneladas, bem como incremento de 4,8% na quantidade ofertada no mercado dom\u00e9stico, projetada em 4,34 milh\u00f5es de toneladas do produto.<\/p>\n<p style=\"text-align: justify;\">J\u00e1 para a carne bovina, \u00e9 esperado um cen\u00e1rio de estabilidade de produ\u00e7\u00e3o e oferta. \u201cEm 2024 h\u00e1 sinaliza\u00e7\u00e3o de in\u00edcio de revers\u00e3o do processo do ciclo pecu\u00e1rio. Com a tend\u00eancia de diminui\u00e7\u00e3o do ritmo de abate de f\u00eameas no ano que vem, espera-se que haja estabilidade na produ\u00e7\u00e3o de carne, seguida de prov\u00e1vel queda nos anos seguintes\u201d, pondera Rabello.<\/p>\n<p style=\"text-align: justify;\">&nbsp;<\/p>\n<p style=\"text-align: justify;\"><em>Com informa\u00e7\u00f5es da Conab.<\/em><\/p>","protected":false},"excerpt":{"rendered":"<p>&nbsp;De acordo com a 11\u00aa edi\u00e7\u00e3o das Perspectivas para a Agropecu\u00e1ria &#8211; Safra 2023\/24, os agricultores dever\u00e3o destinar maior \u00e1rea para semeadura das duas importantes culturas para o abastecimento interno&#8230;<\/p>","protected":false},"author":2,"featured_media":59908,"comment_status":"open","ping_status":"closed","sticky":false,"template":"","format":"standard","meta":{"ngg_post_thumbnail":0,"footnotes":""},"categories":[28],"tags":[],"class_list":["post-59905","post","type-post","status-publish","format-standard","has-post-thumbnail","hentry","category-destaque"],"amp_enabled":true,"_links":{"self":[{"href":"https:\/\/www2.comunitaria.com.br\/en\/wp-json\/wp\/v2\/posts\/59905","targetHints":{"allow":["GET"]}}],"collection":[{"href":"https:\/\/www2.comunitaria.com.br\/en\/wp-json\/wp\/v2\/posts"}],"about":[{"href":"https:\/\/www2.comunitaria.com.br\/en\/wp-json\/wp\/v2\/types\/post"}],"author":[{"embeddable":true,"href":"https:\/\/www2.comunitaria.com.br\/en\/wp-json\/wp\/v2\/users\/2"}],"replies":[{"embeddable":true,"href":"https:\/\/www2.comunitaria.com.br\/en\/wp-json\/wp\/v2\/comments?post=59905"}],"version-history":[{"count":0,"href":"https:\/\/www2.comunitaria.com.br\/en\/wp-json\/wp\/v2\/posts\/59905\/revisions"}],"wp:featuredmedia":[{"embeddable":true,"href":"https:\/\/www2.comunitaria.com.br\/en\/wp-json\/wp\/v2\/media\/59908"}],"wp:attachment":[{"href":"https:\/\/www2.comunitaria.com.br\/en\/wp-json\/wp\/v2\/media?parent=59905"}],"wp:term":[{"taxonomy":"category","embeddable":true,"href":"https:\/\/www2.comunitaria.com.br\/en\/wp-json\/wp\/v2\/categories?post=59905"},{"taxonomy":"post_tag","embeddable":true,"href":"https:\/\/www2.comunitaria.com.br\/en\/wp-json\/wp\/v2\/tags?post=59905"}],"curies":[{"name":"wp","href":"https:\/\/api.w.org\/{rel}","templated":true}]}}