{"id":59862,"date":"2023-09-15T17:07:57","date_gmt":"2023-09-15T19:07:57","guid":{"rendered":"http:\/\/www2.comunitaria.com.br\/?p=59862"},"modified":"2023-09-15T17:07:57","modified_gmt":"2023-09-15T19:07:57","slug":"lula-sanciona-lei-que-reajusta-os-salarios-dos-servidores-federais","status":"publish","type":"post","link":"https:\/\/www2.comunitaria.com.br\/en\/lula-sanciona-lei-que-reajusta-os-salarios-dos-servidores-federais\/","title":{"rendered":"Lula sanciona lei que reajusta os sal\u00e1rios dos servidores federais"},"content":{"rendered":"<p style=\"text-align: justify;\">O presidente da Rep\u00fablica, Luiz In\u00e1cio Lula da Silva, sancionou nesta sexta-feira (15) a lei que confirma a concess\u00e3o de reajuste salarial de 9% para os servidores federais do Poder Executivo, autarquias e funda\u00e7\u00f5es, incluindo aposentados e pensionistas.<\/p>\n<p style=\"text-align: justify;\">O texto sancionado \u00e9 fruto da aprova\u00e7\u00e3o, pelo Congresso Nacional, de um projeto de convers\u00e3o de MP (medida provis\u00f3ria) do governo. Os novos valores come\u00e7aram a vigorar em 1\u00ba de maio por meio da MP.<\/p>\n<p style=\"text-align: justify;\">O aumento veio depois de um acordo firmado entre o governo e entidades que representam os servidores federais. Na mesma resolu\u00e7\u00e3o, tamb\u00e9m houve aumento no valor do aux\u00edlio-alimenta\u00e7\u00e3o da categoria, passando de R$ 458 para R$ 658 mensais.<\/p>\n<p>&nbsp;<\/p>\n<p><em>Fonte: O Sul.<\/em><\/p>","protected":false},"excerpt":{"rendered":"<p>O presidente da Rep\u00fablica, Luiz In\u00e1cio Lula da Silva, sancionou nesta sexta-feira (15) a lei que confirma a concess\u00e3o de reajuste salarial de 9% para os servidores federais do Poder&#8230;<\/p>","protected":false},"author":2,"featured_media":51939,"comment_status":"open","ping_status":"closed","sticky":false,"template":"","format":"standard","meta":{"ngg_post_thumbnail":0,"footnotes":""},"categories":[28],"tags":[],"class_list":["post-59862","post","type-post","status-publish","format-standard","has-post-thumbnail","hentry","category-destaque"],"amp_enabled":true,"_links":{"self":[{"href":"https:\/\/www2.comunitaria.com.br\/en\/wp-json\/wp\/v2\/posts\/59862","targetHints":{"allow":["GET"]}}],"collection":[{"href":"https:\/\/www2.comunitaria.com.br\/en\/wp-json\/wp\/v2\/posts"}],"about":[{"href":"https:\/\/www2.comunitaria.com.br\/en\/wp-json\/wp\/v2\/types\/post"}],"author":[{"embeddable":true,"href":"https:\/\/www2.comunitaria.com.br\/en\/wp-json\/wp\/v2\/users\/2"}],"replies":[{"embeddable":true,"href":"https:\/\/www2.comunitaria.com.br\/en\/wp-json\/wp\/v2\/comments?post=59862"}],"version-history":[{"count":0,"href":"https:\/\/www2.comunitaria.com.br\/en\/wp-json\/wp\/v2\/posts\/59862\/revisions"}],"wp:featuredmedia":[{"embeddable":true,"href":"https:\/\/www2.comunitaria.com.br\/en\/wp-json\/wp\/v2\/media\/51939"}],"wp:attachment":[{"href":"https:\/\/www2.comunitaria.com.br\/en\/wp-json\/wp\/v2\/media?parent=59862"}],"wp:term":[{"taxonomy":"category","embeddable":true,"href":"https:\/\/www2.comunitaria.com.br\/en\/wp-json\/wp\/v2\/categories?post=59862"},{"taxonomy":"post_tag","embeddable":true,"href":"https:\/\/www2.comunitaria.com.br\/en\/wp-json\/wp\/v2\/tags?post=59862"}],"curies":[{"name":"wp","href":"https:\/\/api.w.org\/{rel}","templated":true}]}}