{"id":59852,"date":"2023-09-14T15:57:32","date_gmt":"2023-09-14T17:57:32","guid":{"rendered":"http:\/\/www2.comunitaria.com.br\/?p=59852"},"modified":"2023-09-14T15:57:32","modified_gmt":"2023-09-14T17:57:32","slug":"creluz-proporciona-legado-a-seguranca-publica-regional-ao-entregar-a-quarta-viatura-adquirida-atraves-do-piseg","status":"publish","type":"post","link":"https:\/\/www2.comunitaria.com.br\/en\/creluz-proporciona-legado-a-seguranca-publica-regional-ao-entregar-a-quarta-viatura-adquirida-atraves-do-piseg\/","title":{"rendered":"Creluz proporciona legado \u00e0 seguran\u00e7a p\u00fablica regional ao entregar a quarta viatura adquirida atrav\u00e9s do PISEG"},"content":{"rendered":"<p style=\"text-align: justify;\">&nbsp;A Creluz concluiu de forma muito exitosa a sua participa\u00e7\u00e3o no Programa de Incentivo ao Aparelhamento da Seguran\u00e7a P\u00fablica \u2013 PISEG com a entrega da quarta viatura adquirida com participa\u00e7\u00e3o decisiva da Cooperativa. No total foram duas viaturas entregues a pol\u00edcia civil e duas a Brigada Militar.<\/p>\n<p style=\"text-align: justify;\">A \u00faltima entrega aconteceu na tarde da quarta-feira, 06 de setembro, para a Brigada Militar de Ametista do Sul, quando na oportunidade o comandante do 37\u00ba Batalh\u00e3o de Pol\u00edcia Militar (37\u00ba BPM), tenente coronel, Carlos Alberto Cardoso de Aguiar Jr., realizou a solenidade de entrega da viatura da Mitsubishi &#8211; L200. A camionete que possui tra\u00e7\u00e3o 4&#215;4, \u00e0 diesel, ir\u00e1 agregar melhor qualidade de atendimento da popula\u00e7\u00e3o, na medida em que traz mais seguran\u00e7a ao policial, pois \u00e9 semiblindada. Al\u00e9m das viaturas, a Creluz tamb\u00e9m proporcionou a aquisi\u00e7\u00e3o de pistolas Taser, armas n\u00e3o letais,entregues ao 37\u00ba BPM.<\/p>\n<p style=\"text-align: justify;\">O PISEG permite aos contribuintes direcionarem recursos para a seguran\u00e7a p\u00fablica, permitindo maior participa\u00e7\u00e3o da sociedade civil no fortalecimento das for\u00e7as policiais e demais institui\u00e7\u00f5es vinculadas \u00e0 seguran\u00e7a, em uma clara colabora\u00e7\u00e3o entre a iniciativa privada e o poder p\u00fablico.<\/p>\n<p style=\"text-align: justify;\">Desde 2020 at\u00e9 a data atual, a contribui\u00e7\u00e3o da Creluz atrav\u00e9s da arrecada\u00e7\u00e3o em ICMS ao Programa foi de R$ 1.125,393,00 (um milh\u00e3o cento e vinte e cinco mil, trezentos e noventa e tr\u00eas reais). Do caixa da Cooperativa, ou seja, de recursos pr\u00f3prios, foram destinados R$ 92.611,60. Agora por determina\u00e7\u00e3o do Conselho de Administra\u00e7\u00e3o, em virtude da nova conjuntura do setor el\u00e9trico, a Cooperativa deixar\u00e1 de atuar no Programa, por\u00e9m com um grande legado deixado a sociedade.<\/p>\n<p style=\"text-align: justify;\">O comandante do 37\u00ba Batalh\u00e3o de Pol\u00edcia Militar (37\u00ba BPM), tenente coronel, Carlos Alberto Cardoso de Aguiar Jr, agradeceu a contribui\u00e7\u00e3o da Creluz que foi uma das principais parceiras desde os primeiros momentos de implanta\u00e7\u00e3o do PISEG na regi\u00e3o, reiterando o valor total do investimento que chega \u00e0 marca de R$ 1,2 milh\u00e3o beneficiando tanto a Pol\u00edcia Civil quanto a Brigada Militar. A delegada de pol\u00edcia regional da 14\u00aa DPRI, Aline Dequi Palma, tamb\u00e9m agradeceu o comprometimento da Cooperativa para com a seguran\u00e7a p\u00fablica regional, representado na pessoa do presidente Elemar Battisti e todo o quadro social.<\/p>\n<p style=\"text-align: justify;\">O presidente da Creluz, Elemar Battisti, destaca que o objetivo principal da Creluz com esta colabora\u00e7\u00e3o \u00e9 beneficiar o associado e seus familiares, gerando um ambiente com mais seguran\u00e7a \u00e0 medida que as viaturas e os equipamentos ficar\u00e3o a servi\u00e7o da seguran\u00e7a p\u00fablica regional.<\/p>\n<p style=\"text-align: justify;\">As duas viaturas destinadas a Pol\u00edcia Civil est\u00e3o locadas na 14\u00aa Delegacia Regional de Pol\u00edcia situada em Palmeira das Miss\u00f5es, enquanto que as viaturas da Brigada Militar foram destinadas para o policiamento ostensivo de Rodeio Bonito e Ametista do Sul, atendendo tamb\u00e9m suas respectivas micro regi\u00f5es do 37\u00ba BPM.<\/p>\n<p style=\"text-align: justify;\">&nbsp;<\/p>\n<p style=\"text-align: justify;\"><em>Com informa\u00e7\u00f5es da Ascom da Creluz.&nbsp;<\/em><\/p>","protected":false},"excerpt":{"rendered":"<p>&nbsp;A Creluz concluiu de forma muito exitosa a sua participa\u00e7\u00e3o no Programa de Incentivo ao Aparelhamento da Seguran\u00e7a P\u00fablica \u2013 PISEG com a entrega da quarta viatura adquirida com participa\u00e7\u00e3o decisiva da Cooperativa. No total foram duas viaturas entregues a pol\u00edcia civil e duas a Brigada Militar. A \u00faltima entrega aconteceu na tarde da quarta-feira,<\/p>\n<div class=\"read-more-wrapper\"><a class=\"read-more\" href=\"https:\/\/www2.comunitaria.com.br\/en\/creluz-proporciona-legado-a-seguranca-publica-regional-ao-entregar-a-quarta-viatura-adquirida-atraves-do-piseg\/\" title=\"Read More\"> <span class=\"button\">Read More<\/span><\/a><\/div>","protected":false},"author":2,"featured_media":59854,"comment_status":"open","ping_status":"closed","sticky":false,"template":"","format":"standard","meta":{"ngg_post_thumbnail":0,"footnotes":""},"categories":[28],"tags":[],"class_list":["post-59852","post","type-post","status-publish","format-standard","has-post-thumbnail","hentry","category-destaque"],"amp_enabled":true,"_links":{"self":[{"href":"https:\/\/www2.comunitaria.com.br\/en\/wp-json\/wp\/v2\/posts\/59852","targetHints":{"allow":["GET"]}}],"collection":[{"href":"https:\/\/www2.comunitaria.com.br\/en\/wp-json\/wp\/v2\/posts"}],"about":[{"href":"https:\/\/www2.comunitaria.com.br\/en\/wp-json\/wp\/v2\/types\/post"}],"author":[{"embeddable":true,"href":"https:\/\/www2.comunitaria.com.br\/en\/wp-json\/wp\/v2\/users\/2"}],"replies":[{"embeddable":true,"href":"https:\/\/www2.comunitaria.com.br\/en\/wp-json\/wp\/v2\/comments?post=59852"}],"version-history":[{"count":0,"href":"https:\/\/www2.comunitaria.com.br\/en\/wp-json\/wp\/v2\/posts\/59852\/revisions"}],"wp:featuredmedia":[{"embeddable":true,"href":"https:\/\/www2.comunitaria.com.br\/en\/wp-json\/wp\/v2\/media\/59854"}],"wp:attachment":[{"href":"https:\/\/www2.comunitaria.com.br\/en\/wp-json\/wp\/v2\/media?parent=59852"}],"wp:term":[{"taxonomy":"category","embeddable":true,"href":"https:\/\/www2.comunitaria.com.br\/en\/wp-json\/wp\/v2\/categories?post=59852"},{"taxonomy":"post_tag","embeddable":true,"href":"https:\/\/www2.comunitaria.com.br\/en\/wp-json\/wp\/v2\/tags?post=59852"}],"curies":[{"name":"wp","href":"https:\/\/api.w.org\/{rel}","templated":true}]}}