{"id":59797,"date":"2023-09-11T16:43:03","date_gmt":"2023-09-11T18:43:03","guid":{"rendered":"http:\/\/www2.comunitaria.com.br\/?p=59797"},"modified":"2023-09-11T16:53:23","modified_gmt":"2023-09-11T18:53:23","slug":"assembleia-de-lancamento-da-consulta-popular-2023-orcamento-2024-na-regiao-do-codemau-acontecera-na-proxima-quarta-feira-dia-13-de-setembro","status":"publish","type":"post","link":"https:\/\/www2.comunitaria.com.br\/en\/assembleia-de-lancamento-da-consulta-popular-2023-orcamento-2024-na-regiao-do-codemau-acontecera-na-proxima-quarta-feira-dia-13-de-setembro\/","title":{"rendered":"Assembleia de lan\u00e7amento da Consulta Popular 2023, na regi\u00e3o do Codemau ser\u00e1 na pr\u00f3xima quarta-feira, 13"},"content":{"rendered":"<p style=\"text-align: justify;\">Na pr\u00f3xima quarta-feira, dia 13, ocorrer\u00e1 a assembleia de lan\u00e7amento da Consulta Popular 2023 na regi\u00e3o do Codemau. O evento contar\u00e1 com a participa\u00e7\u00e3o de representantes do Governo do Estado, atrav\u00e9s da Secretaria de Planejamento, Governan\u00e7a e Gest\u00e3o, os quais estar\u00e3o apresentando a din\u00e2mica da Consulta Popular deste ano. O evento acontecer\u00e1 no audit\u00f3rio da URI \u2013 Campus Frederico Westphalen a partir das 8h45 da manh\u00e3.<\/p>\n<p style=\"text-align: justify;\">Importante a participa\u00e7\u00e3o de representantes de todos os 22 munic\u00edpios do Codemau, pois na oportunidade, al\u00e9m de termos o lan\u00e7amento da Consulta Popular 2023-2024, ser\u00e1 definido as diretrizes que nortear\u00e3o a Consulta Popular na regi\u00e3o, bem como, ser\u00e3o repassadas as orienta\u00e7\u00f5es para a inclus\u00e3o de propostas no site da Consulta Popular, que poder\u00e3o compor a c\u00e9dula de vota\u00e7\u00e3o.<\/p>\n<p style=\"text-align: justify;\">\u201c A regi\u00e3o do Codemau tem um hist\u00f3rico de boa participa\u00e7\u00e3o nas Consultas Populares, por isso a import\u00e2ncia de mais uma vez, contarmos com uma participa\u00e7\u00e3o significativa de representantes do executivo, legislativo, Comudes e demais entidades regionais, dos nossos 22 munic\u00edpios, para juntos, definirmos e darmos o ponta p\u00e9 inicial em mais uma Consulta Popular, que j\u00e1 trouxe volumes significativos de recursos para impulsionar o desenvolvimento local e regional\u201d, enfatiza a presidente do Codemau, Marcia Faccin.<\/p>\n<p style=\"text-align: justify;\">Neste ano, ser\u00e3o destinados R$ 60 milh\u00f5es para investimento em projetos de desenvolvimento regional, sendo R$ 55 milh\u00f5es distribu\u00eddos de forma global e 5 milh\u00f5es distribu\u00eddos entre os nove primeiros Coredes com maior vota\u00e7\u00e3o. A novidade deste ano \u00e9 que o sistema de inclus\u00e3o de propostas e vota\u00e7\u00e3o da Consulta Popular ser\u00e1 coordenado pela PROCERGS e n\u00e3o mais ser\u00e1 via aplicativo COLAB.<\/p>\n<p>&nbsp;<\/p>\n<p>Com informa\u00e7\u00f5es da Ascom da Codemau.<\/p>","protected":false},"excerpt":{"rendered":"<p>Na pr\u00f3xima quarta-feira, dia 13, ocorrer\u00e1 a assembleia de lan\u00e7amento da Consulta Popular 2023 na regi\u00e3o do Codemau. O evento contar\u00e1 com a participa\u00e7\u00e3o de representantes do Governo do Estado,&#8230;<\/p>","protected":false},"author":2,"featured_media":59799,"comment_status":"open","ping_status":"closed","sticky":false,"template":"","format":"standard","meta":{"ngg_post_thumbnail":0,"footnotes":""},"categories":[28],"tags":[],"class_list":["post-59797","post","type-post","status-publish","format-standard","has-post-thumbnail","hentry","category-destaque"],"amp_enabled":true,"_links":{"self":[{"href":"https:\/\/www2.comunitaria.com.br\/en\/wp-json\/wp\/v2\/posts\/59797","targetHints":{"allow":["GET"]}}],"collection":[{"href":"https:\/\/www2.comunitaria.com.br\/en\/wp-json\/wp\/v2\/posts"}],"about":[{"href":"https:\/\/www2.comunitaria.com.br\/en\/wp-json\/wp\/v2\/types\/post"}],"author":[{"embeddable":true,"href":"https:\/\/www2.comunitaria.com.br\/en\/wp-json\/wp\/v2\/users\/2"}],"replies":[{"embeddable":true,"href":"https:\/\/www2.comunitaria.com.br\/en\/wp-json\/wp\/v2\/comments?post=59797"}],"version-history":[{"count":0,"href":"https:\/\/www2.comunitaria.com.br\/en\/wp-json\/wp\/v2\/posts\/59797\/revisions"}],"wp:featuredmedia":[{"embeddable":true,"href":"https:\/\/www2.comunitaria.com.br\/en\/wp-json\/wp\/v2\/media\/59799"}],"wp:attachment":[{"href":"https:\/\/www2.comunitaria.com.br\/en\/wp-json\/wp\/v2\/media?parent=59797"}],"wp:term":[{"taxonomy":"category","embeddable":true,"href":"https:\/\/www2.comunitaria.com.br\/en\/wp-json\/wp\/v2\/categories?post=59797"},{"taxonomy":"post_tag","embeddable":true,"href":"https:\/\/www2.comunitaria.com.br\/en\/wp-json\/wp\/v2\/tags?post=59797"}],"curies":[{"name":"wp","href":"https:\/\/api.w.org\/{rel}","templated":true}]}}