{"id":5979,"date":"2015-08-04T12:50:25","date_gmt":"2015-08-04T14:50:25","guid":{"rendered":"http:\/\/www2.comunitaria.com.br\/?p=5979"},"modified":"2015-08-04T16:49:42","modified_gmt":"2015-08-04T18:49:42","slug":"confira-os-duelos-das-oitavas-de-final-da-copa-do-brasil","status":"publish","type":"post","link":"https:\/\/www2.comunitaria.com.br\/en\/confira-os-duelos-das-oitavas-de-final-da-copa-do-brasil\/","title":{"rendered":"Confira os duelos das oitavas de final da Copa do Brasil"},"content":{"rendered":"<p style=\"text-align: justify;\">A dupla Gre-Nal j\u00e1 conhece os seus advers\u00e1rios nas oitavas de final da Copa do Brasil. O Gr\u00eamio enfrentar\u00e1 o Coritiba, atual lanterna do Brasileir\u00e3o, enquanto o Inter ter\u00e1 o Ituano como advers\u00e1rio. Os oito confrontos da competi\u00e7\u00e3o foram sorteados nesta ter\u00e7a-feira, na sede da CBF, no Rio.<\/p>\n<p style=\"text-align: justify;\">Inter e Gr\u00eamio estavam no pote 1 do sorteio, ao lado dos demais times que disputaram a Libertadores (Corinthians, S\u00e3o Paulo, Atl\u00e9tico-MG e Cruzeiro) e os classificados pelo ranking da CBF (Flamengo) e pelo resultado do Brasileir\u00e3o do ano passado (Fluminense).<\/p>\n<p style=\"text-align: justify;\">No segundo bloco, ficaram os outros clubes classificados. Da S\u00e9rie A, Coritiba, Figueirense, Santos, Vasco e Palmeiras. Da S\u00e9rie B, Paysandu e Cear\u00e1. O Ituano, que n\u00e3o disputa qualquer divis\u00e3o nacional, fechou a lista.<\/p>\n<p style=\"text-align: justify;\">No sorteio dos mandos de campo, o Gr\u00eamio decidir\u00e1 a vaga para as quartas de final na Arena, com o primeiro jogo contra o Coritiba no Couto Pereira, no Paran\u00e1. J\u00e1 o Inter come\u00e7ar\u00e1 no Beira-Rio contra o Ituano, e far\u00e1 a segunda partida em Itu.<\/p>\n<p>As partidas de ida est\u00e3o inicialmente marcadas para o dia 19 de agosto, e a volta para o dia 26. Mas as datas ainda podem ser alteradas. \u00a0H\u00e1 duas diferen\u00e7as desta edi\u00e7\u00e3oda Copa do Brasil para a competi\u00e7\u00e3o de 2014. A primeira delas \u00e9 que o sorteio de hoje n\u00e3o definir\u00e1 o caminho de cada clube porque o destino dos times ser\u00e1 novamente sorteado nas quartas de final.<\/p>\n<p>Outra mudan\u00e7a importante \u00e9 que na final os gols marcados fora de casa n\u00e3o servir\u00e3o como crit\u00e9rio de desempate. Segundo o diretor de competi\u00e7\u00f5es da CBF, Manuel Flores, a modifica\u00e7\u00e3o dar\u00e1 &#8220;um tempero na competi\u00e7\u00e3o&#8221; e se aproxima de uma decis\u00e3o da Conmebol na Libertadores.<\/p>\n<p style=\"text-align: justify;\"><strong>Confira todos os confrontos das oitavas de final:<\/strong><\/p>\n<p style=\"text-align: justify;\"><b>Jogos de ida (19\/08)<\/b><\/p>\n<p>Santos x Corinthians<br \/>\nFlamengo x Vasco<br \/>\nPalmeiras x Cruzeiro<br \/>\n<b>Coritiba x Gr\u00eamio<\/b><br \/>\nS\u00e3o Paulo x Cear\u00e1<br \/>\nAtl\u00e9tico-MG x Figueirense<br \/>\nFluminense x Paysandu<br \/>\n<b>Inter x Ituano<\/b><\/p>\n<p><b>Jogos de volta (26\/08)<\/b><\/p>\n<p>Corinthians x Santos<br \/>\nVasco x Flamengo<br \/>\nCruzeiro x Palmeiras<br \/>\n<b>Gr\u00eamio x Coritiba<\/b><br \/>\nCear\u00e1 x S\u00e3o Paulo<br \/>\nFigueirense x Atl\u00e9tico-MG<br \/>\nPaysandu x Fluminense<br \/>\n<b>Ituano x Inter<\/b><\/p>\n<p style=\"text-align: justify;\"><strong>Zero Hora<\/strong><\/p>\n<p style=\"text-align: justify;\"><strong>Correio do Povo<\/strong><\/p>","protected":false},"excerpt":{"rendered":"<p>A dupla Gre-Nal j\u00e1 conhece os seus advers\u00e1rios nas oitavas de final da Copa do Brasil. O Gr\u00eamio enfrentar\u00e1 o Coritiba, atual lanterna do Brasileir\u00e3o, enquanto o Inter ter\u00e1 o Ituano como advers\u00e1rio. Os oito confrontos da competi\u00e7\u00e3o foram sorteados nesta ter\u00e7a-feira, na sede da CBF, no Rio. Inter e Gr\u00eamio estavam no pote 1<\/p>\n<div class=\"read-more-wrapper\"><a class=\"read-more\" href=\"https:\/\/www2.comunitaria.com.br\/en\/confira-os-duelos-das-oitavas-de-final-da-copa-do-brasil\/\" title=\"Read More\"> <span class=\"button\">Read More<\/span><\/a><\/div>","protected":false},"author":2,"featured_media":5980,"comment_status":"open","ping_status":"closed","sticky":false,"template":"","format":"standard","meta":{"ngg_post_thumbnail":0,"footnotes":""},"categories":[47,34,33],"tags":[1401,465],"class_list":["post-5979","post","type-post","status-publish","format-standard","has-post-thumbnail","hentry","category-brasil","category-esportes","category-noticias","tag-copa-do-brasil","tag-esporte"],"amp_enabled":true,"_links":{"self":[{"href":"https:\/\/www2.comunitaria.com.br\/en\/wp-json\/wp\/v2\/posts\/5979","targetHints":{"allow":["GET"]}}],"collection":[{"href":"https:\/\/www2.comunitaria.com.br\/en\/wp-json\/wp\/v2\/posts"}],"about":[{"href":"https:\/\/www2.comunitaria.com.br\/en\/wp-json\/wp\/v2\/types\/post"}],"author":[{"embeddable":true,"href":"https:\/\/www2.comunitaria.com.br\/en\/wp-json\/wp\/v2\/users\/2"}],"replies":[{"embeddable":true,"href":"https:\/\/www2.comunitaria.com.br\/en\/wp-json\/wp\/v2\/comments?post=5979"}],"version-history":[{"count":0,"href":"https:\/\/www2.comunitaria.com.br\/en\/wp-json\/wp\/v2\/posts\/5979\/revisions"}],"wp:featuredmedia":[{"embeddable":true,"href":"https:\/\/www2.comunitaria.com.br\/en\/wp-json\/wp\/v2\/media\/5980"}],"wp:attachment":[{"href":"https:\/\/www2.comunitaria.com.br\/en\/wp-json\/wp\/v2\/media?parent=5979"}],"wp:term":[{"taxonomy":"category","embeddable":true,"href":"https:\/\/www2.comunitaria.com.br\/en\/wp-json\/wp\/v2\/categories?post=5979"},{"taxonomy":"post_tag","embeddable":true,"href":"https:\/\/www2.comunitaria.com.br\/en\/wp-json\/wp\/v2\/tags?post=5979"}],"curies":[{"name":"wp","href":"https:\/\/api.w.org\/{rel}","templated":true}]}}