{"id":59769,"date":"2023-09-08T16:18:23","date_gmt":"2023-09-08T18:18:23","guid":{"rendered":"http:\/\/www2.comunitaria.com.br\/?p=59769"},"modified":"2023-09-08T16:18:23","modified_gmt":"2023-09-08T18:18:23","slug":"juntos-fazemos-o-bem-sicredi-conexao-entrega-mais-de-r-34-milhoes-as-entidades","status":"publish","type":"post","link":"https:\/\/www2.comunitaria.com.br\/en\/juntos-fazemos-o-bem-sicredi-conexao-entrega-mais-de-r-34-milhoes-as-entidades\/","title":{"rendered":"Juntos Fazemos o Bem: Sicredi Conex\u00e3o entrega mais de R$ 3,4 milh\u00f5es \u00e0s entidades"},"content":{"rendered":"<p style=\"text-align: justify;\">A a\u00e7\u00e3o solid\u00e1ria Juntos Fazemos o Bem da Sicredi Conex\u00e3o est\u00e1 cada vez mais consolidada nos seus prop\u00f3sitos de ajudar as entidades de todos os munic\u00edpios de sua \u00e1rea de atua\u00e7\u00e3o. A iniciativa promove um c\u00edrculo virtuoso entre a institui\u00e7\u00e3o, os associados e as entidades sociais.<\/p>\n<p style=\"text-align: justify;\">Desde a sua implementa\u00e7\u00e3o em 2020, mais de R$ 3,4 milh\u00f5es j\u00e1 foram entregues pela Cooperativa \u00e0s institui\u00e7\u00f5es, sem \u00f4nus aos associados, somando 16 mil doa\u00e7\u00f5es neste per\u00edodo. Fazendo parte desde valor, somente neste ano, a destina\u00e7\u00e3o de valores ultrapassa os R$ 430,2 mil, somando 1.979 doa\u00e7\u00f5es, contemplando 202 entidades, at\u00e9 o dia 31 de julho.<\/p>\n<p style=\"text-align: justify;\">A a\u00e7\u00e3o tem repasses trimestrais e podem ser indicadas institui\u00e7\u00f5es sem fins lucrativos com atua\u00e7\u00e3o nas \u00e1reas educacional, esportiva, recreativa, cultural, seguran\u00e7a e sa\u00fade. O diretor de Neg\u00f3cios, Andr\u00e9 Zanon, explica que a destina\u00e7\u00e3o destes recursos s\u00f3 \u00e9 poss\u00edvel, porque os associados usam os produtos e servi\u00e7os da Cooperativa, fazendo suas aplica\u00e7\u00f5es financeiras nos itens que integram o regulamento da a\u00e7\u00e3o solid\u00e1ria.<\/p>\n<p style=\"text-align: justify;\">\u2013 Al\u00e9m disso, avaliamos que a Juntos Fazemos o Bem \u00e9 uma grande iniciativa, pois parte do individual e vai para o coletivo, mudando a vida de muitas pessoas, atrav\u00e9s das entidades que elas pertencem. A prova que ela vem dando resultados positivos \u00e9 o valor anual distribu\u00eddo que est\u00e1 crescendo em cada exerc\u00edcio. Para n\u00f3s, isso tem uma relev\u00e2ncia muito grande, pois temos na nossa miss\u00e3o melhorar a qualidade de vida dos associados e agregar renda \u00e0 comunidade. Isso faz jus a aquilo que a a\u00e7\u00e3o solid\u00e1ria est\u00e1 entregando. Por isso, convidamos a todos os associados que fa\u00e7am parte desta iniciativa, indicando as entidades cadastradas que receber\u00e3o o valor financeiro \u2013 enaltece Zanon.<\/p>\n<h3 style=\"text-align: justify;\">\nComo funciona<\/h3>\n<p style=\"text-align: justify;\">Uma porcentagem dos recursos investidos no Sicredi \u00e9 revertida \u00e0s entidades sociais indicadas pelo pr\u00f3prio associado. Esta doa\u00e7\u00e3o \u00e9 feita pela Cooperativa \u2013 sem \u00f4nus ao associado \u2013, no percentual de 0,40% sobre o valor aplicado, pelo per\u00edodo m\u00ednimo de 180 dias ou ainda de 0,20% no per\u00edodo de 90 dias; em dep\u00f3sitos a prazo, nos produtos de investimento: Sicredinvest, Sicredinvest Flex, Sincredinvest Evolutivo, Sicredinvest Exclusivo e RDC Pr\u00e9-fixado. Al\u00e9m de 0,10% para aplica\u00e7\u00f5es em Poupan\u00e7a.<\/p>\n<p>&nbsp;<\/p>\n<p><em>Com informa\u00e7\u00f5es da Ascom da Sicredi.<\/em><\/p>","protected":false},"excerpt":{"rendered":"<p>A a\u00e7\u00e3o solid\u00e1ria Juntos Fazemos o Bem da Sicredi Conex\u00e3o est\u00e1 cada vez mais consolidada nos seus prop\u00f3sitos de ajudar as entidades de todos os munic\u00edpios de sua \u00e1rea de&#8230;<\/p>","protected":false},"author":2,"featured_media":59771,"comment_status":"open","ping_status":"closed","sticky":false,"template":"","format":"standard","meta":{"ngg_post_thumbnail":0,"footnotes":""},"categories":[28],"tags":[],"class_list":["post-59769","post","type-post","status-publish","format-standard","has-post-thumbnail","hentry","category-destaque"],"amp_enabled":true,"_links":{"self":[{"href":"https:\/\/www2.comunitaria.com.br\/en\/wp-json\/wp\/v2\/posts\/59769","targetHints":{"allow":["GET"]}}],"collection":[{"href":"https:\/\/www2.comunitaria.com.br\/en\/wp-json\/wp\/v2\/posts"}],"about":[{"href":"https:\/\/www2.comunitaria.com.br\/en\/wp-json\/wp\/v2\/types\/post"}],"author":[{"embeddable":true,"href":"https:\/\/www2.comunitaria.com.br\/en\/wp-json\/wp\/v2\/users\/2"}],"replies":[{"embeddable":true,"href":"https:\/\/www2.comunitaria.com.br\/en\/wp-json\/wp\/v2\/comments?post=59769"}],"version-history":[{"count":0,"href":"https:\/\/www2.comunitaria.com.br\/en\/wp-json\/wp\/v2\/posts\/59769\/revisions"}],"wp:featuredmedia":[{"embeddable":true,"href":"https:\/\/www2.comunitaria.com.br\/en\/wp-json\/wp\/v2\/media\/59771"}],"wp:attachment":[{"href":"https:\/\/www2.comunitaria.com.br\/en\/wp-json\/wp\/v2\/media?parent=59769"}],"wp:term":[{"taxonomy":"category","embeddable":true,"href":"https:\/\/www2.comunitaria.com.br\/en\/wp-json\/wp\/v2\/categories?post=59769"},{"taxonomy":"post_tag","embeddable":true,"href":"https:\/\/www2.comunitaria.com.br\/en\/wp-json\/wp\/v2\/tags?post=59769"}],"curies":[{"name":"wp","href":"https:\/\/api.w.org\/{rel}","templated":true}]}}