{"id":59757,"date":"2023-09-08T13:14:26","date_gmt":"2023-09-08T15:14:26","guid":{"rendered":"http:\/\/www2.comunitaria.com.br\/?p=59757"},"modified":"2023-09-08T13:14:26","modified_gmt":"2023-09-08T15:14:26","slug":"rotaract-fw-arrecada-mais-de-600-litros-de-leite-para-o-lar-dos-idosos-sao-vicente-de-paulo","status":"publish","type":"post","link":"https:\/\/www2.comunitaria.com.br\/en\/rotaract-fw-arrecada-mais-de-600-litros-de-leite-para-o-lar-dos-idosos-sao-vicente-de-paulo\/","title":{"rendered":"Rotaract FW arrecada mais de 600 litros de leite para o Lar dos Idosos S\u00e3o Vicente de Paulo"},"content":{"rendered":"<p style=\"text-align: justify;\">O Rotaract Club de Frederico Westphalen promoveu uma campanha de arrecada\u00e7\u00e3o de leite no s\u00e1bado, 2 de setembro. A iniciativa teve como objetivo apoiar o Lar dos Idosos S\u00e3o Vicente de Paulo e, ao todo, 611 litros de leite foram arrecadados.<\/p>\n<p style=\"text-align: justify;\">Desde as primeiras horas da manh\u00e3, os companheiros do Rotaract estiveram presentes nos principais supermercados da cidade, recebendo doa\u00e7\u00f5es da comunidade.<\/p>\n<p style=\"text-align: justify;\">De acordo com o presidente do Rotaract FW, Mariel Buzatto, diariamente s\u00e3o consumidos no Lar, 45 litros de leite, sendo mais de 16 mil litros por ano. Sendo assim, a institui\u00e7\u00e3o depende muito de doa\u00e7\u00f5es da comunidade. \u201cEstamos felizes com o resultado e, por isso, agradecemos a todos que nos auxiliaram com suas doa\u00e7\u00f5es e, principalmente, os supermercados que disponibilizaram os seus espa\u00e7os para que pud\u00e9ssemos realizar esta a\u00e7\u00e3o. Isso demonstra a for\u00e7a da solidariedade em nossa cidade e como juntos podemos fazer a diferen\u00e7a na vida daqueles que mais precisam\u201d, ressalta.<\/p>\n<p style=\"text-align: justify;\">O Rotaract Club de Frederico Westphalen tem desempenhado um papel fundamental na promo\u00e7\u00e3o da responsabilidade social e cidadania ativa no munic\u00edpio. Esta iniciativa de arrecada\u00e7\u00e3o de leite \u00e9 apenas uma das muitas a\u00e7\u00f5es ben\u00e9ficas que o clube realiza ao longo do ano, demonstrando seu compromisso cont\u00ednuo em servir \u00e0 comunidade local.<\/p>\n<p>&nbsp;<\/p>\n<p><em>Com informa\u00e7\u00f5es da Ascom do Rotaract FW.&nbsp;<\/em><\/p>","protected":false},"excerpt":{"rendered":"<p>O Rotaract Club de Frederico Westphalen promoveu uma campanha de arrecada\u00e7\u00e3o de leite no s\u00e1bado, 2 de setembro. A iniciativa teve como objetivo apoiar o Lar dos Idosos S\u00e3o Vicente&#8230;<\/p>","protected":false},"author":2,"featured_media":59759,"comment_status":"open","ping_status":"closed","sticky":false,"template":"","format":"standard","meta":{"ngg_post_thumbnail":0,"footnotes":""},"categories":[28],"tags":[],"class_list":["post-59757","post","type-post","status-publish","format-standard","has-post-thumbnail","hentry","category-destaque"],"amp_enabled":true,"_links":{"self":[{"href":"https:\/\/www2.comunitaria.com.br\/en\/wp-json\/wp\/v2\/posts\/59757","targetHints":{"allow":["GET"]}}],"collection":[{"href":"https:\/\/www2.comunitaria.com.br\/en\/wp-json\/wp\/v2\/posts"}],"about":[{"href":"https:\/\/www2.comunitaria.com.br\/en\/wp-json\/wp\/v2\/types\/post"}],"author":[{"embeddable":true,"href":"https:\/\/www2.comunitaria.com.br\/en\/wp-json\/wp\/v2\/users\/2"}],"replies":[{"embeddable":true,"href":"https:\/\/www2.comunitaria.com.br\/en\/wp-json\/wp\/v2\/comments?post=59757"}],"version-history":[{"count":0,"href":"https:\/\/www2.comunitaria.com.br\/en\/wp-json\/wp\/v2\/posts\/59757\/revisions"}],"wp:featuredmedia":[{"embeddable":true,"href":"https:\/\/www2.comunitaria.com.br\/en\/wp-json\/wp\/v2\/media\/59759"}],"wp:attachment":[{"href":"https:\/\/www2.comunitaria.com.br\/en\/wp-json\/wp\/v2\/media?parent=59757"}],"wp:term":[{"taxonomy":"category","embeddable":true,"href":"https:\/\/www2.comunitaria.com.br\/en\/wp-json\/wp\/v2\/categories?post=59757"},{"taxonomy":"post_tag","embeddable":true,"href":"https:\/\/www2.comunitaria.com.br\/en\/wp-json\/wp\/v2\/tags?post=59757"}],"curies":[{"name":"wp","href":"https:\/\/api.w.org\/{rel}","templated":true}]}}