{"id":59677,"date":"2023-09-01T12:00:06","date_gmt":"2023-09-01T14:00:06","guid":{"rendered":"http:\/\/www2.comunitaria.com.br\/?p=59677"},"modified":"2023-09-01T12:00:06","modified_gmt":"2023-09-01T14:00:06","slug":"camara-de-vereadores-recebe-exposicao-de-arte-amor-a-vida-durante-a-2a-semana-municipal-da-pessoa-com-deficiencia","status":"publish","type":"post","link":"https:\/\/www2.comunitaria.com.br\/en\/camara-de-vereadores-recebe-exposicao-de-arte-amor-a-vida-durante-a-2a-semana-municipal-da-pessoa-com-deficiencia\/","title":{"rendered":"C\u00e2mara de Vereadores recebe exposi\u00e7\u00e3o de arte \u201cAmor \u00e0 vida\u201d durante a 2\u00aa Semana Municipal da Pessoa com Defici\u00eancia"},"content":{"rendered":"<p style=\"text-align: justify;\">A 2\u00aa Semana Municipal da Pessoa com Defici\u00eancia iniciou na segunda-feira, 28, com o objetivo de debater a acessibilidade, autonomia e independ\u00eancia das PcD. Al\u00e9m dos espa\u00e7os que fomentam a informa\u00e7\u00e3o, tamb\u00e9m integra a programa\u00e7\u00e3o a exposi\u00e7\u00e3o da artista pl\u00e1stica Val\u00e9ria Pinheiro, intitulada \u201cAmor a Vida\u201d, que retrata os resqu\u00edcios do per\u00edodo p\u00f3s-pand\u00eamico e a guerra na Ucr\u00e2nia, revelando a dor, o desrespeito e a desumaniza\u00e7\u00e3o provocados pela a\u00e7\u00e3o humana.<\/p>\n<p style=\"text-align: justify;\">O principal objetivo das obras s\u00e3o questionar as mazelas da sociedade, num contexto de fragilidade e caos, bem como refletir sobre a bondade e a maldade humana. As pinturas podem ser visitadas na C\u00e2mara de Vereadores at\u00e9 sexta-feira, 1\u00ba de&nbsp;setembro, das 8 horas \u00e0s 20h30min, sem fechar ao meio-dia.<\/p>\n<p style=\"text-align: justify;\"><em>Com informa\u00e7\u00f5es da Ascom da C\u00e2mara de Vereadores de FW.<\/em><\/p>","protected":false},"excerpt":{"rendered":"<p>A 2\u00aa Semana Municipal da Pessoa com Defici\u00eancia iniciou na segunda-feira, 28, com o objetivo de debater a acessibilidade, autonomia e independ\u00eancia das PcD. Al\u00e9m dos espa\u00e7os que fomentam a&#8230;<\/p>","protected":false},"author":2,"featured_media":59679,"comment_status":"open","ping_status":"closed","sticky":false,"template":"","format":"standard","meta":{"ngg_post_thumbnail":0,"footnotes":""},"categories":[33],"tags":[],"class_list":["post-59677","post","type-post","status-publish","format-standard","has-post-thumbnail","hentry","category-noticias"],"amp_enabled":true,"_links":{"self":[{"href":"https:\/\/www2.comunitaria.com.br\/en\/wp-json\/wp\/v2\/posts\/59677","targetHints":{"allow":["GET"]}}],"collection":[{"href":"https:\/\/www2.comunitaria.com.br\/en\/wp-json\/wp\/v2\/posts"}],"about":[{"href":"https:\/\/www2.comunitaria.com.br\/en\/wp-json\/wp\/v2\/types\/post"}],"author":[{"embeddable":true,"href":"https:\/\/www2.comunitaria.com.br\/en\/wp-json\/wp\/v2\/users\/2"}],"replies":[{"embeddable":true,"href":"https:\/\/www2.comunitaria.com.br\/en\/wp-json\/wp\/v2\/comments?post=59677"}],"version-history":[{"count":0,"href":"https:\/\/www2.comunitaria.com.br\/en\/wp-json\/wp\/v2\/posts\/59677\/revisions"}],"wp:featuredmedia":[{"embeddable":true,"href":"https:\/\/www2.comunitaria.com.br\/en\/wp-json\/wp\/v2\/media\/59679"}],"wp:attachment":[{"href":"https:\/\/www2.comunitaria.com.br\/en\/wp-json\/wp\/v2\/media?parent=59677"}],"wp:term":[{"taxonomy":"category","embeddable":true,"href":"https:\/\/www2.comunitaria.com.br\/en\/wp-json\/wp\/v2\/categories?post=59677"},{"taxonomy":"post_tag","embeddable":true,"href":"https:\/\/www2.comunitaria.com.br\/en\/wp-json\/wp\/v2\/tags?post=59677"}],"curies":[{"name":"wp","href":"https:\/\/api.w.org\/{rel}","templated":true}]}}