{"id":59619,"date":"2023-08-29T16:45:24","date_gmt":"2023-08-29T18:45:24","guid":{"rendered":"http:\/\/www2.comunitaria.com.br\/?p=59619"},"modified":"2023-08-29T16:45:24","modified_gmt":"2023-08-29T18:45:24","slug":"vereadores-cumprem-agenda-em-brasilia-e-participam-do-encontro-nacional-de-gestores-e-legislativos-municipais","status":"publish","type":"post","link":"https:\/\/www2.comunitaria.com.br\/en\/vereadores-cumprem-agenda-em-brasilia-e-participam-do-encontro-nacional-de-gestores-e-legislativos-municipais\/","title":{"rendered":"Vereadores cumprem agenda em Bras\u00edlia e participam do Encontro Nacional de Gestores e Legislativos Municipais"},"content":{"rendered":"<p style=\"text-align: justify;\">Em agenda na capital federal, vereadores e assessores do Poder Legislativo de Frederico Westphalen participaram, na semana passada, do Encontro Nacional de Gestores e Legislativos Municipais. O evento, organizado pela Uni\u00e3o dos Vereadores do Brasil (UVB), ocorreu entre os dias 23 e 25 de agosto, no Hotel Bras\u00edlia Imperial, e contou com a participa\u00e7\u00e3o de edis e servidores de 21 estados.<\/p>\n<p style=\"text-align: justify;\">A C\u00e2mara de FW esteve representada por uma comitiva formada pelo presidente, Raul Pazuch da Silva; o vice-presidente, Reginaldo Pellegrin; o segundo-secret\u00e1rio, Leandro Mazzutti e l\u00edder da Bancada do Progressistas, Belonir Vendruscolo, al\u00e9m da assessora do presidente, Heloise Santi.<\/p>\n<p style=\"text-align: justify;\">Durante o encontro, foram debatidos temas como \u201cOs desafios do Poder P\u00fablico em realizar publicidade em tempos de redes sociais\u201d, \u201cEstatuto de Vereador\u201d, \u201cEduca\u00e7\u00e3o Legislativa\u201d, \u201cAplicabilidades das emendas impositivas no \u00e2mbito municipal, \u201cA necessidade de atualiza\u00e7\u00e3o dos Regimentos Internos das C\u00e2maras\u201d, dentre outros.<\/p>\n<h3 style=\"text-align: justify;\">Visita a gabinetes de debutados e senadores<\/h3>\n<p style=\"text-align: justify;\">Al\u00e9m do encontro, a comitiva tamb\u00e9m realizou visitas a deputados e senadores para cobrar recursos e uma aten\u00e7\u00e3o dos parlamentares a demandas importantes do munic\u00edpio e regi\u00e3o, tais como, a Oncologia no HDP, a Ferrovia Norte-Sul, o Centro de Atendimento em Sa\u00fade da Apae, dentre outras.<\/p>\n<p style=\"text-align: justify;\">&nbsp;<\/p>\n<p style=\"text-align: justify;\"><em>Com informa\u00e7\u00f5es da Assessoria de Imprensa da C\u00e2mara&nbsp;de Vereadores de FW.&nbsp;<\/em><\/p>","protected":false},"excerpt":{"rendered":"<p>Em agenda na capital federal, vereadores e assessores do Poder Legislativo de Frederico Westphalen participaram, na semana passada, do Encontro Nacional de Gestores e Legislativos Municipais. O evento, organizado pela&#8230;<\/p>","protected":false},"author":2,"featured_media":59621,"comment_status":"open","ping_status":"closed","sticky":false,"template":"","format":"standard","meta":{"ngg_post_thumbnail":0,"footnotes":""},"categories":[33],"tags":[],"class_list":["post-59619","post","type-post","status-publish","format-standard","has-post-thumbnail","hentry","category-noticias"],"amp_enabled":true,"_links":{"self":[{"href":"https:\/\/www2.comunitaria.com.br\/en\/wp-json\/wp\/v2\/posts\/59619","targetHints":{"allow":["GET"]}}],"collection":[{"href":"https:\/\/www2.comunitaria.com.br\/en\/wp-json\/wp\/v2\/posts"}],"about":[{"href":"https:\/\/www2.comunitaria.com.br\/en\/wp-json\/wp\/v2\/types\/post"}],"author":[{"embeddable":true,"href":"https:\/\/www2.comunitaria.com.br\/en\/wp-json\/wp\/v2\/users\/2"}],"replies":[{"embeddable":true,"href":"https:\/\/www2.comunitaria.com.br\/en\/wp-json\/wp\/v2\/comments?post=59619"}],"version-history":[{"count":0,"href":"https:\/\/www2.comunitaria.com.br\/en\/wp-json\/wp\/v2\/posts\/59619\/revisions"}],"wp:featuredmedia":[{"embeddable":true,"href":"https:\/\/www2.comunitaria.com.br\/en\/wp-json\/wp\/v2\/media\/59621"}],"wp:attachment":[{"href":"https:\/\/www2.comunitaria.com.br\/en\/wp-json\/wp\/v2\/media?parent=59619"}],"wp:term":[{"taxonomy":"category","embeddable":true,"href":"https:\/\/www2.comunitaria.com.br\/en\/wp-json\/wp\/v2\/categories?post=59619"},{"taxonomy":"post_tag","embeddable":true,"href":"https:\/\/www2.comunitaria.com.br\/en\/wp-json\/wp\/v2\/tags?post=59619"}],"curies":[{"name":"wp","href":"https:\/\/api.w.org\/{rel}","templated":true}]}}