{"id":59606,"date":"2023-08-28T17:12:19","date_gmt":"2023-08-28T19:12:19","guid":{"rendered":"http:\/\/www2.comunitaria.com.br\/?p=59606"},"modified":"2023-08-28T17:12:19","modified_gmt":"2023-08-28T19:12:19","slug":"agencias-fgtas-sine-oferecem-quase-8-mil-vagas-de-emprego-no-rs","status":"publish","type":"post","link":"https:\/\/www2.comunitaria.com.br\/en\/agencias-fgtas-sine-oferecem-quase-8-mil-vagas-de-emprego-no-rs\/","title":{"rendered":"Ag\u00eancias FGTAS\/Sine oferecem quase 8 mil vagas de emprego no RS"},"content":{"rendered":"<p style=\"text-align: justify;\">A FGTAS (Funda\u00e7\u00e3o Ga\u00facha do Trabalho e A\u00e7\u00e3o Social), vinculada \u00e0 Secretaria de Trabalho e Desenvolvimento Profissional, por meio das Ag\u00eancias FGTAS\/Sine disponibilizam 7.860 vagas a partir de segunda-feira, 28 de agosto. Desse total, 7.150 s\u00e3o permanentes, 614 tempor\u00e1rias, 58 para jovem aprendiz e 38 para est\u00e1gio.<\/p>\n<p style=\"text-align: justify;\">Os trabalhadores interessados em se candidatar \u00e0s oportunidades, presencialmente, na Ag\u00eancia FGTAS\/Sine mais pr\u00f3xima devem comparecer ao local com documento de identifica\u00e7\u00e3o com CPF e foto.<\/p>\n<p style=\"text-align: justify;\">Na oportunidade ser\u00e3o cadastrados no sistema e, aqueles que possu\u00edrem perfil profissional compat\u00edvel com as vagas de emprego oferecidas, receber\u00e3o carta de encaminhamento para participarem dos processos seletivos. A rela\u00e7\u00e3o de endere\u00e7os das unidades est\u00e1 dispon\u00edvel no&nbsp;<a href=\"https:\/\/fgtas.rs.gov.br\/agencias-fgtas-sine\" target=\"_blank\" rel=\"noopener\">site da FGTAS<\/a>.<\/p>\n<p style=\"text-align: justify;\">Tamb\u00e9m \u00e9 poss\u00edvel retirar a carta de encaminhamento pelo aplicativo Sine F\u00e1cil, dispon\u00edvel para download gratuito no Google Play.<\/p>\n<p style=\"text-align: justify;\"><strong>Vagas permanentes abertas&nbsp;<\/strong><br \/>\nDo total de 7.150 oportunidades permanentes abertas no Rio Grande do Sul, o destaque \u00e9 para o setor de ind\u00fastria com 40% das vagas, seguido pelo setor dos servi\u00e7os com 27%.<\/p>\n<p style=\"text-align: justify;\">Desse total 74% n\u00e3o exigem experi\u00eancia e 25% tamb\u00e9m n\u00e3o exigem escolaridade. Ainda em rela\u00e7\u00e3o a escolaridade 26% das oportunidades exigem Fundamental incompleto e 23% Ensino M\u00e9dio completo. A remunera\u00e7\u00e3o das oportunidades, 47%, de 2 a 3 sal\u00e1rios m\u00ednimos e 21% variam de 1,5 a 2 sal\u00e1rios m\u00ednimos.<\/p>\n<p style=\"text-align: justify;\"><strong>Vagas tempor\u00e1rias abertas&nbsp;<\/strong><br \/>\nAs unidades de atendimento da FGTAS t\u00eam 614 vagas tempor\u00e1rias. Das oportunidades abertas 90% n\u00e3o exige experi\u00eancia e 47% exigem Ensino M\u00e9dio completo. O setor com mais oportunidades \u00e9 o de servi\u00e7os com 61% das ocupa\u00e7\u00f5es.<\/p>\n<p style=\"text-align: justify;\"><strong>Vagas de Est\u00e1gio<\/strong><br \/>\nAs Ag\u00eancias FGTAS\/Sine tem 38 vagas abertas para est\u00e1gio.<\/p>\n<p style=\"text-align: justify;\"><strong>Vagas de Menor Aprendiz<\/strong><br \/>\nAs Ag\u00eancias disponibilizam 58 vagas para Menor Aprendiz.<\/p>\n<p style=\"text-align: justify;\">&nbsp;<\/p>\n<p style=\"text-align: justify;\"><em>Fonte<strong>:&nbsp;<\/strong> Jornal O Sul.<\/em><\/p>","protected":false},"excerpt":{"rendered":"<p>A FGTAS (Funda\u00e7\u00e3o Ga\u00facha do Trabalho e A\u00e7\u00e3o Social), vinculada \u00e0 Secretaria de Trabalho e Desenvolvimento Profissional, por meio das Ag\u00eancias FGTAS\/Sine disponibilizam 7.860 vagas a partir de segunda-feira, 28 de agosto. Desse total, 7.150 s\u00e3o permanentes, 614 tempor\u00e1rias, 58 para jovem aprendiz e 38 para est\u00e1gio. Os trabalhadores interessados em se candidatar \u00e0s oportunidades,<\/p>\n<div class=\"read-more-wrapper\"><a class=\"read-more\" href=\"https:\/\/www2.comunitaria.com.br\/en\/agencias-fgtas-sine-oferecem-quase-8-mil-vagas-de-emprego-no-rs\/\" title=\"Read More\"> <span class=\"button\">Read More<\/span><\/a><\/div>","protected":false},"author":2,"featured_media":59608,"comment_status":"open","ping_status":"closed","sticky":false,"template":"","format":"standard","meta":{"ngg_post_thumbnail":0,"footnotes":""},"categories":[33],"tags":[],"class_list":["post-59606","post","type-post","status-publish","format-standard","has-post-thumbnail","hentry","category-noticias"],"amp_enabled":true,"_links":{"self":[{"href":"https:\/\/www2.comunitaria.com.br\/en\/wp-json\/wp\/v2\/posts\/59606","targetHints":{"allow":["GET"]}}],"collection":[{"href":"https:\/\/www2.comunitaria.com.br\/en\/wp-json\/wp\/v2\/posts"}],"about":[{"href":"https:\/\/www2.comunitaria.com.br\/en\/wp-json\/wp\/v2\/types\/post"}],"author":[{"embeddable":true,"href":"https:\/\/www2.comunitaria.com.br\/en\/wp-json\/wp\/v2\/users\/2"}],"replies":[{"embeddable":true,"href":"https:\/\/www2.comunitaria.com.br\/en\/wp-json\/wp\/v2\/comments?post=59606"}],"version-history":[{"count":0,"href":"https:\/\/www2.comunitaria.com.br\/en\/wp-json\/wp\/v2\/posts\/59606\/revisions"}],"wp:featuredmedia":[{"embeddable":true,"href":"https:\/\/www2.comunitaria.com.br\/en\/wp-json\/wp\/v2\/media\/59608"}],"wp:attachment":[{"href":"https:\/\/www2.comunitaria.com.br\/en\/wp-json\/wp\/v2\/media?parent=59606"}],"wp:term":[{"taxonomy":"category","embeddable":true,"href":"https:\/\/www2.comunitaria.com.br\/en\/wp-json\/wp\/v2\/categories?post=59606"},{"taxonomy":"post_tag","embeddable":true,"href":"https:\/\/www2.comunitaria.com.br\/en\/wp-json\/wp\/v2\/tags?post=59606"}],"curies":[{"name":"wp","href":"https:\/\/api.w.org\/{rel}","templated":true}]}}