{"id":59499,"date":"2023-08-18T13:46:02","date_gmt":"2023-08-18T15:46:02","guid":{"rendered":"http:\/\/www2.comunitaria.com.br\/?p=59499"},"modified":"2023-08-18T13:46:02","modified_gmt":"2023-08-18T15:46:02","slug":"a-agencia-da-sicredi-de-erval-seco-atinge-quatro-mil-associados","status":"publish","type":"post","link":"https:\/\/www2.comunitaria.com.br\/en\/a-agencia-da-sicredi-de-erval-seco-atinge-quatro-mil-associados\/","title":{"rendered":"A ag\u00eancia da Sicredi de Erval Seco atinge quatro mil associados"},"content":{"rendered":"<p style=\"text-align: justify;\">Estender o cooperativismo a cada vez mais pessoas faz parte dos prop\u00f3sitos da Sicredi Conex\u00e3o, que diariamente vem atingindo este objetivo, j\u00e1 tendo somado mais de 121 mil associados nas suas \u00e1reas de atua\u00e7\u00e3o. Integram este n\u00famero, os mais de quatro mil associados, que a ag\u00eancia de Erval Seco alcan\u00e7ou neste m\u00eas de agosto.<\/p>\n<p style=\"text-align: justify;\">Segundo dados do Instituto Brasileiro de Geografia e Estat\u00edstica (IBGE), o munic\u00edpio possui 6.912 habitantes. Ent\u00e3o, este \u00edndice de associados representa em torno de 60% do total de mun\u00edcipes e 87% da popula\u00e7\u00e3o economicamente ativa. De acordo com o gerente da ag\u00eancia local, Juciani Carlos Albarello, \u00e9 uma alegria saber que grande parte da comunidade integra a Cooperativa.<\/p>\n<p style=\"text-align: justify;\">\u2013 Para n\u00f3s, \u00e9 motivo de orgulho e satisfa\u00e7\u00e3o atingir este elevado n\u00famero de associados, pois prova que os moradores realmente abra\u00e7aram o Sicredi ao longo destes mais de 24 anos que estamos presentes no munic\u00edpio e comprova, ainda, o quando a Cooperativa est\u00e1 enraizada nesta comunidade. Esse \u00e9 o resultado do esfor\u00e7o de todas as equipes que passaram por esta ag\u00eancia e, tamb\u00e9m, da confian\u00e7a que a popula\u00e7\u00e3o tem na sua institui\u00e7\u00e3o. Isso se comprova pela participa\u00e7\u00e3o ativa dos associados na vida da Cooperativa, nas decis\u00f5es em assembleia, na ajuda na constru\u00e7\u00e3o do dia a dia do empreendimento, com base na seriedade e transpar\u00eancia que o trabalho \u00e9 realizado \u2013 acredita Albarello.<\/p>\n<p style=\"text-align: justify;\">Al\u00e9m disso, a Sicredi Conex\u00e3o possui mais de 15 programas de relacionamento, sempre com o intuito de desenvolver pessoas e comunidades, pois quando o associado cresce, a Cooperativa tamb\u00e9m evolui. Neste sentido, o gerente reconhece que os quatro mil associados foram alcan\u00e7ados, inclusive, pelas a\u00e7\u00f5es sociais que a institui\u00e7\u00e3o mant\u00e9m que j\u00e1 envolveram centenas de pessoas do munic\u00edpio, por meio do A Uni\u00e3o Faz a Vida, Cooperativas Escolares, Sicredi Mulher, L\u00edder Jovem, Longevidade, entre outros. \u201cEstamos com um sentimento de gratid\u00e3o pelos associados apostarem na Cooperativa e, temos certeza, que juntos vamos construir uma sociedade mais pr\u00f3spera\u201d, frisa Albarello.<\/p>\n<h3 style=\"text-align: justify;\">Associado<\/h3>\n<p style=\"text-align: justify;\">Um dos associados que faz parte da institui\u00e7\u00e3o h\u00e1 24 anos \u00e9 Armindo Michels, morador da linha Vista Ga\u00facha, em Erval Seco\/RS, um dos primeiros a se associar na ag\u00eancia do munic\u00edpio. \u201cAcredito que em todos estes anos, esta institui\u00e7\u00e3o fez muitas a\u00e7\u00f5es boas e sempre prestou um \u00f3timo atendimento \u00e0 nossa comunidade, por isso alcan\u00e7ou estes quatro mil associados. Tamb\u00e9m, fico feliz em participar das assembleias, oportunidade que a dire\u00e7\u00e3o ouve nossa opini\u00e3o e nos valoriza como associado. Tenho orgulho de dizer que levei muita gente para se associar. Desejo que esta Cooperativa continue crescendo e ajudando os associados e as comunidades tamb\u00e9m\u201d, conclui Michels.<\/p>\n<p>&nbsp;<\/p>\n<p>Com informa\u00e7\u00f5es da Ascom da Sicredi.<\/p>","protected":false},"excerpt":{"rendered":"<p>Estender o cooperativismo a cada vez mais pessoas faz parte dos prop\u00f3sitos da Sicredi Conex\u00e3o, que diariamente vem atingindo este objetivo, j\u00e1 tendo somado mais de 121 mil associados nas&#8230;<\/p>","protected":false},"author":2,"featured_media":59501,"comment_status":"open","ping_status":"closed","sticky":false,"template":"","format":"standard","meta":{"ngg_post_thumbnail":0,"footnotes":""},"categories":[33],"tags":[],"class_list":["post-59499","post","type-post","status-publish","format-standard","has-post-thumbnail","hentry","category-noticias"],"amp_enabled":true,"_links":{"self":[{"href":"https:\/\/www2.comunitaria.com.br\/en\/wp-json\/wp\/v2\/posts\/59499","targetHints":{"allow":["GET"]}}],"collection":[{"href":"https:\/\/www2.comunitaria.com.br\/en\/wp-json\/wp\/v2\/posts"}],"about":[{"href":"https:\/\/www2.comunitaria.com.br\/en\/wp-json\/wp\/v2\/types\/post"}],"author":[{"embeddable":true,"href":"https:\/\/www2.comunitaria.com.br\/en\/wp-json\/wp\/v2\/users\/2"}],"replies":[{"embeddable":true,"href":"https:\/\/www2.comunitaria.com.br\/en\/wp-json\/wp\/v2\/comments?post=59499"}],"version-history":[{"count":0,"href":"https:\/\/www2.comunitaria.com.br\/en\/wp-json\/wp\/v2\/posts\/59499\/revisions"}],"wp:featuredmedia":[{"embeddable":true,"href":"https:\/\/www2.comunitaria.com.br\/en\/wp-json\/wp\/v2\/media\/59501"}],"wp:attachment":[{"href":"https:\/\/www2.comunitaria.com.br\/en\/wp-json\/wp\/v2\/media?parent=59499"}],"wp:term":[{"taxonomy":"category","embeddable":true,"href":"https:\/\/www2.comunitaria.com.br\/en\/wp-json\/wp\/v2\/categories?post=59499"},{"taxonomy":"post_tag","embeddable":true,"href":"https:\/\/www2.comunitaria.com.br\/en\/wp-json\/wp\/v2\/tags?post=59499"}],"curies":[{"name":"wp","href":"https:\/\/api.w.org\/{rel}","templated":true}]}}