{"id":59496,"date":"2023-08-18T12:35:21","date_gmt":"2023-08-18T14:35:21","guid":{"rendered":"http:\/\/www2.comunitaria.com.br\/?p=59496"},"modified":"2023-08-18T12:36:22","modified_gmt":"2023-08-18T14:36:22","slug":"poder-legislativo-reconhece-os-30-anos-de-historia-do-curso-de-direito-da-uri-fw","status":"publish","type":"post","link":"https:\/\/www2.comunitaria.com.br\/en\/poder-legislativo-reconhece-os-30-anos-de-historia-do-curso-de-direito-da-uri-fw\/","title":{"rendered":"Poder Legislativo reconhece os 30 anos de hist\u00f3ria do Curso de Direito da URI\/FW"},"content":{"rendered":"<p style=\"text-align: justify;\">Como forma de agradecimento pelas relevantes contribui\u00e7\u00f5es \u00e0 comunidade frederiquense e regional, no decorrer dos seus 30 anos de hist\u00f3ria, o Poder Legislativo homenageou o Curso de Direito da URI\/FW na segunda-feira, 14.<\/p>\n<p style=\"text-align: justify;\">O reconhecimento se deu por meio de uma Mo\u00e7\u00e3o de Aplausos, aprovada por todas as bancadas, e entregue ao coordenador do curso, Pablo Henrique Caovilla Kuhnen, e \u00e0 diretora-geral do c\u00e2mpus, Elisabete Cerutti. \u201cA URI sempre contribuiu para o desenvolvimento econ\u00f4mico, cultural e social da nossa cidade e regi\u00e3o. N\u00f3s n\u00e3o pod\u00edamos deixar de homenagear, de deixar o nosso agradecimento \u00e0 universidade e ao curso pela passagem dos seus 30 anos\u201d, comentou a vereadora Aline Ferrari Caeran. \u201cEsse t\u00edtulo que n\u00f3s vereadores aprovamos de forma un\u00e2nime, \u00e9 algo pequeno pelo que a URI j\u00e1 fez pela nossa comunidade. Tem toda uma hist\u00f3ria, mas n\u00f3s sabemos que sem a URI, talvez, Frederico Westphalen n\u00e3o estaria onde est\u00e1 hoje\u201d, complementou o vereador Gabriel Lamonatto.<\/p>\n<p style=\"text-align: justify;\">A entrega da homenagem ocorreu nas depend\u00eancias da institui\u00e7\u00e3o, uma forma de a C\u00e2mara de Vereadores estar mais pr\u00f3xima da comunidade. Al\u00e9m de Aline e Lamonatto, tamb\u00e9m representaram o Legislativo no ato os vereadores Belonir Vendruscolo, Ivonei F\u00e3o e Reginaldo Pellegrin, e os assessores de bancada. \u201cFicamos muito felizes com esse reconhecimento. Trinta anos de Curso de Direito, uma data que se confunde com a idade da URI aqui de FW. Nosso curso, que durante todo esse tempo, formou mais de 2,5 mil pessoas, que est\u00e1 inserido na comunidade n\u00e3o s\u00f3 de FW, mas regional\u201d, destacou o coordenador do curso.<\/p>\n<h3 style=\"text-align: justify;\">Mais de 2,5 mil acad\u00eamicos formados<\/h3>\n<p style=\"text-align: justify;\">Fruto de esfor\u00e7os da Reitoria e Dire\u00e7\u00e3o da URI, Fesau, professores, advogados e juristas da regi\u00e3o, o Curso de Direito da URI, C\u00e2mpus de Frederico Westphalen, foi instalado no munic\u00edpio no m\u00eas de mar\u00e7o de 1993, tendo como seu primeiro coordenador o professor e advogado Valdomiro Vanelli Pinheiro.<\/p>\n<p style=\"text-align: justify;\">Em 2023, o curso celebra 30 anos de forma\u00e7\u00e3o de profissionais advogados. Nestas tr\u00eas d\u00e9cadas de trajet\u00f3ria, o Curso de Direito firma-se como refer\u00eancia profissional da Regi\u00e3o, contribuindo para a forma\u00e7\u00e3o de mais de 2.500 alunos e alunas e j\u00e1 tendo contado com aproximadamente 150 professores.<\/p>\n<p style=\"text-align: justify;\">A Gradua\u00e7\u00e3o em Direito da URI contribuiu para o fortalecimento, inclusive do Poder Legislativo, uma vez que muitos professores, juristas e egressos do curso estiveram e est\u00e3o presentes no dia a dia da C\u00e2mara Municipal, seja na qualidade de vereadores ou servidores, auxiliando nos trabalhos da Casa Legislativa. Importante destacar, ainda, que o curso \u00e9 destaque em todo o Rio Grande do Sul e \u00e9 reconhecido nacionalmente devido aos sucessivos conceitos \u201cA\u201d no prov\u00e3o do MEC e aos excelentes \u00edndices de aprova\u00e7\u00e3o em exames da OAB e em concursos p\u00fablicos. Com o esfor\u00e7o e dedica\u00e7\u00e3o dos diretores, coordenadores, professores e alunos, alcan\u00e7ou o Selo de Qualidade \u201cOAB Recomenda\u201d.<\/p>\n<p style=\"text-align: justify;\">&nbsp;<\/p>\n<p style=\"text-align: justify;\">Com&nbsp; informa\u00e7\u00f5es da Ascom da C\u00e2mara de Vereadores de FW.&nbsp;<\/p>","protected":false},"excerpt":{"rendered":"<p>Como forma de agradecimento pelas relevantes contribui\u00e7\u00f5es \u00e0 comunidade frederiquense e regional, no decorrer dos seus 30 anos de hist\u00f3ria, o Poder Legislativo homenageou o Curso de Direito da URI\/FW na segunda-feira, 14. O reconhecimento se deu por meio de uma Mo\u00e7\u00e3o de Aplausos, aprovada por todas as bancadas, e entregue ao coordenador do curso,<\/p>\n<div class=\"read-more-wrapper\"><a class=\"read-more\" href=\"https:\/\/www2.comunitaria.com.br\/en\/poder-legislativo-reconhece-os-30-anos-de-historia-do-curso-de-direito-da-uri-fw\/\" title=\"Read More\"> <span class=\"button\">Read More<\/span><\/a><\/div>","protected":false},"author":2,"featured_media":59498,"comment_status":"open","ping_status":"closed","sticky":false,"template":"","format":"standard","meta":{"ngg_post_thumbnail":0,"footnotes":""},"categories":[28],"tags":[],"class_list":["post-59496","post","type-post","status-publish","format-standard","has-post-thumbnail","hentry","category-destaque"],"amp_enabled":true,"_links":{"self":[{"href":"https:\/\/www2.comunitaria.com.br\/en\/wp-json\/wp\/v2\/posts\/59496","targetHints":{"allow":["GET"]}}],"collection":[{"href":"https:\/\/www2.comunitaria.com.br\/en\/wp-json\/wp\/v2\/posts"}],"about":[{"href":"https:\/\/www2.comunitaria.com.br\/en\/wp-json\/wp\/v2\/types\/post"}],"author":[{"embeddable":true,"href":"https:\/\/www2.comunitaria.com.br\/en\/wp-json\/wp\/v2\/users\/2"}],"replies":[{"embeddable":true,"href":"https:\/\/www2.comunitaria.com.br\/en\/wp-json\/wp\/v2\/comments?post=59496"}],"version-history":[{"count":0,"href":"https:\/\/www2.comunitaria.com.br\/en\/wp-json\/wp\/v2\/posts\/59496\/revisions"}],"wp:featuredmedia":[{"embeddable":true,"href":"https:\/\/www2.comunitaria.com.br\/en\/wp-json\/wp\/v2\/media\/59498"}],"wp:attachment":[{"href":"https:\/\/www2.comunitaria.com.br\/en\/wp-json\/wp\/v2\/media?parent=59496"}],"wp:term":[{"taxonomy":"category","embeddable":true,"href":"https:\/\/www2.comunitaria.com.br\/en\/wp-json\/wp\/v2\/categories?post=59496"},{"taxonomy":"post_tag","embeddable":true,"href":"https:\/\/www2.comunitaria.com.br\/en\/wp-json\/wp\/v2\/tags?post=59496"}],"curies":[{"name":"wp","href":"https:\/\/api.w.org\/{rel}","templated":true}]}}