{"id":59476,"date":"2023-08-16T15:09:06","date_gmt":"2023-08-16T17:09:06","guid":{"rendered":"http:\/\/www2.comunitaria.com.br\/?p=59476"},"modified":"2023-08-16T15:09:06","modified_gmt":"2023-08-16T17:09:06","slug":"isencao-do-iptu-2024-30-de-setembro-e-o-prazo-limite-para-solicitacao","status":"publish","type":"post","link":"https:\/\/www2.comunitaria.com.br\/en\/isencao-do-iptu-2024-30-de-setembro-e-o-prazo-limite-para-solicitacao\/","title":{"rendered":"Isen\u00e7\u00e3o do IPTU 2024: 30 de setembro \u00e9 o prazo limite para solicita\u00e7\u00e3o"},"content":{"rendered":"<p style=\"text-align: justify;\">Os propriet\u00e1rios de im\u00f3veis frederiquenses que desejam solicitar a isen\u00e7\u00e3o do Imposto Predial e Territorial Urbano (IPTU) para o ano de 2024 devem ficar atentos ao prazo de requerimento, que se encerra em 30 de setembro de 2023.<\/p>\n<p style=\"text-align: justify;\">Para solicitar a isen\u00e7\u00e3o, os interessados devem realizar um requerimento junto \u00e0 Secretaria da Fazenda do munic\u00edpio. Al\u00e9m do atendimento presencial, \u00e9 poss\u00edvel obter informa\u00e7\u00f5es atrav\u00e9s do telefone 3744.5050 ou WhatsApp 9.9639.3043.<\/p>\n<h3 style=\"text-align: justify;\">\nQuem tem direito?<\/h3>\n<ul style=\"text-align: justify;\">\n<li>Propriet\u00e1rio de um \u00fanico im\u00f3vel, ter idade m\u00ednima de 70 anos e renda mensal familiar de<br \/>\nat\u00e9 dois sal\u00e1rios m\u00ednimos;<\/li>\n<li>Contribuinte com doen\u00e7a grave comprovada por laudo m\u00e9dico;<\/li>\n<li>Contribuinte com doen\u00e7a f\u00edsica e\/ou metal com incapacidade para o trabalho, ou com seu tutor\/curador, cuja renda familiar seja de at\u00e9 dois sal\u00e1rios m\u00ednimos, \u00fanico bem de sua propriedade e que lhe sirva de moradia.<\/li>\n<\/ul>\n<p style=\"text-align: justify;\">Para os casos acima, o valor venal limite do im\u00f3vel \u00e9 de R$69.832,00. A isen\u00e7\u00e3o ser\u00e1 concedida somente para contribuintes em dia com a Fazenda Municipal.<\/p>\n<p style=\"text-align: justify;\">&nbsp;<\/p>\n<p style=\"text-align: justify;\">Com informa\u00e7\u00f5es da Ascom da Prefeitura de FW.&nbsp;<\/p>","protected":false},"excerpt":{"rendered":"<p>Os propriet\u00e1rios de im\u00f3veis frederiquenses que desejam solicitar a isen\u00e7\u00e3o do Imposto Predial e Territorial Urbano (IPTU) para o ano de 2024 devem ficar atentos ao prazo de requerimento, que se encerra em 30 de setembro de 2023. Para solicitar a isen\u00e7\u00e3o, os interessados devem realizar um requerimento junto \u00e0 Secretaria da Fazenda do munic\u00edpio.<\/p>\n<div class=\"read-more-wrapper\"><a class=\"read-more\" href=\"https:\/\/www2.comunitaria.com.br\/en\/isencao-do-iptu-2024-30-de-setembro-e-o-prazo-limite-para-solicitacao\/\" title=\"Read More\"> <span class=\"button\">Read More<\/span><\/a><\/div>","protected":false},"author":2,"featured_media":59478,"comment_status":"open","ping_status":"closed","sticky":false,"template":"","format":"standard","meta":{"ngg_post_thumbnail":0,"footnotes":""},"categories":[28],"tags":[],"class_list":["post-59476","post","type-post","status-publish","format-standard","has-post-thumbnail","hentry","category-destaque"],"amp_enabled":true,"_links":{"self":[{"href":"https:\/\/www2.comunitaria.com.br\/en\/wp-json\/wp\/v2\/posts\/59476","targetHints":{"allow":["GET"]}}],"collection":[{"href":"https:\/\/www2.comunitaria.com.br\/en\/wp-json\/wp\/v2\/posts"}],"about":[{"href":"https:\/\/www2.comunitaria.com.br\/en\/wp-json\/wp\/v2\/types\/post"}],"author":[{"embeddable":true,"href":"https:\/\/www2.comunitaria.com.br\/en\/wp-json\/wp\/v2\/users\/2"}],"replies":[{"embeddable":true,"href":"https:\/\/www2.comunitaria.com.br\/en\/wp-json\/wp\/v2\/comments?post=59476"}],"version-history":[{"count":0,"href":"https:\/\/www2.comunitaria.com.br\/en\/wp-json\/wp\/v2\/posts\/59476\/revisions"}],"wp:featuredmedia":[{"embeddable":true,"href":"https:\/\/www2.comunitaria.com.br\/en\/wp-json\/wp\/v2\/media\/59478"}],"wp:attachment":[{"href":"https:\/\/www2.comunitaria.com.br\/en\/wp-json\/wp\/v2\/media?parent=59476"}],"wp:term":[{"taxonomy":"category","embeddable":true,"href":"https:\/\/www2.comunitaria.com.br\/en\/wp-json\/wp\/v2\/categories?post=59476"},{"taxonomy":"post_tag","embeddable":true,"href":"https:\/\/www2.comunitaria.com.br\/en\/wp-json\/wp\/v2\/tags?post=59476"}],"curies":[{"name":"wp","href":"https:\/\/api.w.org\/{rel}","templated":true}]}}