{"id":59362,"date":"2023-08-08T10:06:03","date_gmt":"2023-08-08T12:06:03","guid":{"rendered":"http:\/\/www2.comunitaria.com.br\/?p=59362"},"modified":"2023-08-08T10:06:03","modified_gmt":"2023-08-08T12:06:03","slug":"policiais-civis-fazem-paralisacao-por-reposicao-salarial-nesta-terca","status":"publish","type":"post","link":"https:\/\/www2.comunitaria.com.br\/en\/policiais-civis-fazem-paralisacao-por-reposicao-salarial-nesta-terca\/","title":{"rendered":"Policiais civis fazem paralisa\u00e7\u00e3o por reposi\u00e7\u00e3o salarial nesta ter\u00e7a"},"content":{"rendered":"<p>Em protesto contra sal\u00e1rios defasados e promo\u00e7\u00f5es atrasadas, a Pol\u00edcia Civil realiza nesta ter\u00e7a-feira o primeiro dia de paralisa\u00e7\u00e3o unificada da categoria. Entre outros pontos, os policiais civis reivindicam o resgate da simetria salarial entre os comiss\u00e1rios de Pol\u00edcia e os capit\u00e3es da Brigada Militar e o apoio do governo ao PL 04\/2023, que busca a paridade e a integralidade aos policiais que ingressaram ap\u00f3s 2015. No final da noite, estava prevista uma reuni\u00e3o com o governo.<\/p>\n<p>Na quarta-feira, o Sindicato dos Escriv\u00e3es, Inspetores e Investigadores da Policia Civil do Rio Grande do Sul (Ugeirm) promete um segundo dia de paralisa\u00e7\u00e3o em todo o Rio Grande do Sul. O objetivo \u00e9 pressionar o governo do Estado. O vice-presidente Ugeirm, F\u00e1bio Nunes Castro, destaca a import\u00e2ncia do protesto. \u201cO movimento tem por objetivo chamar aten\u00e7\u00e3o do governo para uma abertura de di\u00e1logo mais efetiva em rela\u00e7\u00e3o a nossa pauta\u201d, afirmou.<\/p>\n<p>Conforme Nunes, a seguran\u00e7a p\u00fablica vem apresentando \u201cn\u00fameros bastante significativos \u201dem rela\u00e7\u00e3o ao combate \u00e0 criminalidade sem o devido reconhecimento aos profissionais da \u00e1rea. Apesar da paralisa\u00e7\u00e3o, a categoria garante a manuten\u00e7\u00e3o de servi\u00e7os essenciais.&nbsp;<\/p>\n<p>Em Porto Alegre, a concentra\u00e7\u00e3o ser\u00e1 em frente ao Pal\u00e1cio da Pol\u00edcia. No Interior do Estado e regi\u00e3o metropolitana, a orienta\u00e7\u00e3o \u00e9 para que os policiais se concentrem em frente \u00e0s suas delegacias, ou local de trabalho. A orienta\u00e7\u00e3o \u00e9 para que n\u00e3o haja circula\u00e7\u00e3o de viaturas. N\u00e3o haver\u00e1 cumprimento de mandados de busca e apreens\u00e3o, mandados de pris\u00e3o, opera\u00e7\u00f5es policiais, servi\u00e7o cartor\u00e1rio, entrega de intima\u00e7\u00f5es, oitivas, remessa de IPs ao Poder Judici\u00e1rio e demais procedimentos de pol\u00edcia judici\u00e1ria.<\/p>\n<p>As DPPAs e plant\u00f5es somente atender\u00e3o os flagrantes e casos de maior gravidade, tais como: homic\u00eddios, estupros, ocorr\u00eancias envolvendo crian\u00e7as, adolescentes e idosos, Lei Maria da Penha, al\u00e9m daquelas ocorr\u00eancias em que os (as) plantonistas julgarem imprescind\u00edvel a interven\u00e7\u00e3o imediata da Pol\u00edcia Civil. Em conversas com entidades de classe, o chefe de Pol\u00edcia, delegado Fernando Sodr\u00e9, afirmou que os policiais se comprometeram a realizar servi\u00e7os essenciais e atendimento de casos graves.<\/p>\n<p>\u201cTodas as ocorr\u00eancias que necessitem de uma demanda importante e urgente da Pol\u00edcia Civil ser\u00e3o atendidas. Podemos tranquilizar a popula\u00e7\u00e3o de que a Pol\u00edcia vai manter os atendimentos necess\u00e1rios e emergenciais para que a seguran\u00e7a continua acontecendo\u201d, afirmou. Conforme Sodr\u00e9, a Casa Civil e a Secretaria de Planejamento, Governan\u00e7a e Gest\u00e3o do Estado mant\u00eam di\u00e1logo com a categoria.<\/p>","protected":false},"excerpt":{"rendered":"<p>Em protesto contra sal\u00e1rios defasados e promo\u00e7\u00f5es atrasadas, a Pol\u00edcia Civil realiza nesta ter\u00e7a-feira o primeiro dia de paralisa\u00e7\u00e3o unificada da categoria. Entre outros pontos, os policiais civis reivindicam o&#8230;<\/p>","protected":false},"author":2,"featured_media":59364,"comment_status":"open","ping_status":"closed","sticky":false,"template":"","format":"standard","meta":{"ngg_post_thumbnail":0,"footnotes":""},"categories":[28],"tags":[],"class_list":["post-59362","post","type-post","status-publish","format-standard","has-post-thumbnail","hentry","category-destaque"],"amp_enabled":true,"_links":{"self":[{"href":"https:\/\/www2.comunitaria.com.br\/en\/wp-json\/wp\/v2\/posts\/59362","targetHints":{"allow":["GET"]}}],"collection":[{"href":"https:\/\/www2.comunitaria.com.br\/en\/wp-json\/wp\/v2\/posts"}],"about":[{"href":"https:\/\/www2.comunitaria.com.br\/en\/wp-json\/wp\/v2\/types\/post"}],"author":[{"embeddable":true,"href":"https:\/\/www2.comunitaria.com.br\/en\/wp-json\/wp\/v2\/users\/2"}],"replies":[{"embeddable":true,"href":"https:\/\/www2.comunitaria.com.br\/en\/wp-json\/wp\/v2\/comments?post=59362"}],"version-history":[{"count":0,"href":"https:\/\/www2.comunitaria.com.br\/en\/wp-json\/wp\/v2\/posts\/59362\/revisions"}],"wp:featuredmedia":[{"embeddable":true,"href":"https:\/\/www2.comunitaria.com.br\/en\/wp-json\/wp\/v2\/media\/59364"}],"wp:attachment":[{"href":"https:\/\/www2.comunitaria.com.br\/en\/wp-json\/wp\/v2\/media?parent=59362"}],"wp:term":[{"taxonomy":"category","embeddable":true,"href":"https:\/\/www2.comunitaria.com.br\/en\/wp-json\/wp\/v2\/categories?post=59362"},{"taxonomy":"post_tag","embeddable":true,"href":"https:\/\/www2.comunitaria.com.br\/en\/wp-json\/wp\/v2\/tags?post=59362"}],"curies":[{"name":"wp","href":"https:\/\/api.w.org\/{rel}","templated":true}]}}