{"id":59307,"date":"2023-08-02T16:45:06","date_gmt":"2023-08-02T18:45:06","guid":{"rendered":"http:\/\/www2.comunitaria.com.br\/?p=59307"},"modified":"2023-08-03T16:51:06","modified_gmt":"2023-08-03T18:51:06","slug":"1a-mostra-cientifica-da-20a-cre-acontecera-nesta-quinta-feira-3","status":"publish","type":"post","link":"https:\/\/www2.comunitaria.com.br\/en\/1a-mostra-cientifica-da-20a-cre-acontecera-nesta-quinta-feira-3\/","title":{"rendered":"1\u00aa Mostra Cient\u00edfica da 20\u00aa CRE acontecer\u00e1 nesta quinta-feira, 3"},"content":{"rendered":"<p style=\"text-align: justify;\">A 20\u00aa Coordenadoria Regional de Educa\u00e7\u00e3o realizar\u00e1 em agosto a 1\u00aa Mostra Cient\u00edfica, um dos maiores eventos sobre ci\u00eancia, sustentabilidade e tecnologia da regi\u00e3o. A etapa regional ser\u00e1 realizada nesta quinta-feira, 3 de agosto, no Campus da UFSM em Palmeira das Miss\u00f5es.<\/p>\n<p style=\"text-align: justify;\">Com o tema \u201cSustentabilidade e Tecnologia para Transformar\u201d, a Mostra Regional tem como objetivo principal a promo\u00e7\u00e3o da divulga\u00e7\u00e3o cient\u00edfica, dos jovens talentos e a integra\u00e7\u00e3o entre estudantes, professores, estudiosos e comunidade em geral. Al\u00e9m disso, as atividades que ser\u00e3o realizadas durante o evento buscam aproximar a produ\u00e7\u00e3o de conhecimento da realidade social dos estudantes da rede estadual.<\/p>\n<p style=\"text-align: justify;\">Para a etapa regional, foram classificados 112 trabalhos de 49 escolas de abrang\u00eancia da 20\u00aa CRE. Ao todo, mais de 400 pessoas v\u00e3o participar do evento que vai movimentar os educand\u00e1rios da regi\u00e3o.<\/p>\n<p style=\"text-align: justify;\">Os projetos classificados passar\u00e3o para a etapa estadual que acontece no dia 24 de novembro, em Porto Alegre.<\/p>\n<p>&nbsp;<\/p>\n<p>Com informa\u00e7\u00f5es da Ascom da 20\u00aa CRE.&nbsp;<\/p>","protected":false},"excerpt":{"rendered":"<p>A 20\u00aa Coordenadoria Regional de Educa\u00e7\u00e3o realizar\u00e1 em agosto a 1\u00aa Mostra Cient\u00edfica, um dos maiores eventos sobre ci\u00eancia, sustentabilidade e tecnologia da regi\u00e3o. A etapa regional ser\u00e1 realizada nesta quinta-feira, 3 de agosto, no Campus da UFSM em Palmeira das Miss\u00f5es. Com o tema \u201cSustentabilidade e Tecnologia para Transformar\u201d, a Mostra Regional tem como<\/p>\n<div class=\"read-more-wrapper\"><a class=\"read-more\" href=\"https:\/\/www2.comunitaria.com.br\/en\/1a-mostra-cientifica-da-20a-cre-acontecera-nesta-quinta-feira-3\/\" title=\"Read More\"> <span class=\"button\">Read More<\/span><\/a><\/div>","protected":false},"author":2,"featured_media":59320,"comment_status":"open","ping_status":"closed","sticky":false,"template":"","format":"standard","meta":{"ngg_post_thumbnail":0,"footnotes":""},"categories":[28],"tags":[],"class_list":["post-59307","post","type-post","status-publish","format-standard","has-post-thumbnail","hentry","category-destaque"],"amp_enabled":true,"_links":{"self":[{"href":"https:\/\/www2.comunitaria.com.br\/en\/wp-json\/wp\/v2\/posts\/59307","targetHints":{"allow":["GET"]}}],"collection":[{"href":"https:\/\/www2.comunitaria.com.br\/en\/wp-json\/wp\/v2\/posts"}],"about":[{"href":"https:\/\/www2.comunitaria.com.br\/en\/wp-json\/wp\/v2\/types\/post"}],"author":[{"embeddable":true,"href":"https:\/\/www2.comunitaria.com.br\/en\/wp-json\/wp\/v2\/users\/2"}],"replies":[{"embeddable":true,"href":"https:\/\/www2.comunitaria.com.br\/en\/wp-json\/wp\/v2\/comments?post=59307"}],"version-history":[{"count":0,"href":"https:\/\/www2.comunitaria.com.br\/en\/wp-json\/wp\/v2\/posts\/59307\/revisions"}],"wp:featuredmedia":[{"embeddable":true,"href":"https:\/\/www2.comunitaria.com.br\/en\/wp-json\/wp\/v2\/media\/59320"}],"wp:attachment":[{"href":"https:\/\/www2.comunitaria.com.br\/en\/wp-json\/wp\/v2\/media?parent=59307"}],"wp:term":[{"taxonomy":"category","embeddable":true,"href":"https:\/\/www2.comunitaria.com.br\/en\/wp-json\/wp\/v2\/categories?post=59307"},{"taxonomy":"post_tag","embeddable":true,"href":"https:\/\/www2.comunitaria.com.br\/en\/wp-json\/wp\/v2\/tags?post=59307"}],"curies":[{"name":"wp","href":"https:\/\/api.w.org\/{rel}","templated":true}]}}