{"id":5926,"date":"2015-08-03T17:51:54","date_gmt":"2015-08-03T19:51:54","guid":{"rendered":"http:\/\/www2.comunitaria.com.br\/?p=5926"},"modified":"2015-08-03T17:51:54","modified_gmt":"2015-08-03T19:51:54","slug":"em-meio-a-mobilizacoes-prefeito-realiza-doacao-de-sede-para-policiais-militares","status":"publish","type":"post","link":"https:\/\/www2.comunitaria.com.br\/en\/em-meio-a-mobilizacoes-prefeito-realiza-doacao-de-sede-para-policiais-militares\/","title":{"rendered":"Em meio a mobiliza\u00e7\u00f5es, prefeito realiza doa\u00e7\u00e3o de sede para policiais militares"},"content":{"rendered":"<p>Na tarde desta segunda-feira, 3, o prefeito Roberto Felin Junior, oficializou a doa\u00e7\u00e3o do espa\u00e7o da antiga escola Princesa Isabel, na\u00a0Linha Ira\u00ed, para a Associa\u00e7\u00e3o \u00danica dos Policiais Militares do M\u00e9dio Alto Uruguai. O\u00a0local ser\u00e1 utilizado para a realiza\u00e7\u00e3o de confraterniza\u00e7\u00f5es e momentos recreativos.\u00a0Os planos para o local \u00e9 de melhoramentos e a implanta\u00e7\u00e3o de uma quadra de futebol.<\/p>\n<p>De acordo com Vanderlei Ferrari, Chefe do Departamento de Patrim\u00f4nio da Aupmmau, foi observado que o local estava em desuso e feito a solicita\u00e7\u00e3o para a c\u00e2mara dos vereadores e\u00a0prefeitura. A ced\u00eancia, inicialmente, \u00a0ser\u00e1 por um per\u00edodo de dez anos renov\u00e1veis. As altera\u00e7\u00f5es e gastos realizados no local ser\u00e3o de responsabilidade da associa\u00e7\u00e3o.<\/p>\n<p><strong>Apoio a paralisa\u00e7\u00e3o<\/strong><\/p>\n<p>Desde a manh\u00e3 desta segunda-feira, policiais militares \u00e0 paisana <a href=\"http:\/\/www2.comunitaria.com.br\/en\/brigada-militar-faz-manifestacao\/\">est\u00e3o em frente \u00e0 sede <\/a>do 37\u00ba BPM, para mostrar sua indigna\u00e7\u00e3o diante do parcelamento de sal\u00e1rios de julho, feito pelo governo do Estado.<\/p>\n<p>\u00c0 tarde, eles ganharam apoio de profissionais que atuam no Corpo de Bombeiros e de integrantes da diretoria do 26\u00ba N\u00facleo do Cpers\/Sindicato.<\/p>\n<p>A ideia \u00e9 fazer uma mobiliza\u00e7\u00e3o geral do funcionalismo p\u00fablico em Frederico Westphalen na manh\u00e3 de quarta-feira, 5, a partir das 10 horas, na Pra\u00e7a da Matriz, disse o diretor do 26\u00ba N\u00facleo do Cpers\/Sindicato, Solano Lima.<\/p>\n\n\t\t<style>\n\t\t\t#gallery-1 {\n\t\t\t\tmargin: auto;\n\t\t\t}\n\t\t\t#gallery-1 .gallery-item {\n\t\t\t\tfloat: left;\n\t\t\t\tmargin-top: 10px;\n\t\t\t\ttext-align: center;\n\t\t\t\twidth: 33%;\n\t\t\t}\n\t\t\t#gallery-1 img {\n\t\t\t\tborder: 2px solid #cfcfcf;\n\t\t\t}\n\t\t\t#gallery-1 .gallery-caption {\n\t\t\t\tmargin-left: 0;\n\t\t\t}\n\t\t\t\/* see gallery_shortcode() in wp-includes\/media.php *\/\n\t\t<\/style>\n\t\t<div id='gallery-1' class='gallery galleryid-5926 gallery-columns-3 gallery-size-thumbnail'><dl class='gallery-item'>\n\t\t\t<dt class='gallery-icon landscape'>\n\t\t\t\t<a href='https:\/\/www2.comunitaria.com.br\/en\/em-meio-a-mobilizacoes-prefeito-realiza-doacao-de-sede-para-policiais-militares\/essa-4\/'><img loading=\"lazy\" decoding=\"async\" width=\"150\" height=\"150\" src=\"https:\/\/www2.comunitaria.com.br\/wp-content\/uploads\/2015\/08\/essa-150x150.jpg\" class=\"attachment-thumbnail size-thumbnail\" alt=\"\" srcset=\"https:\/\/www2.comunitaria.com.br\/wp-content\/uploads\/2015\/08\/essa-150x150.jpg 150w, https:\/\/www2.comunitaria.com.br\/wp-content\/uploads\/2015\/08\/essa-65x65.jpg 65w\" sizes=\"auto, (max-width: 150px) 100vw, 150px\" \/><\/a>\n\t\t\t<\/dt><\/dl><dl class='gallery-item'>\n\t\t\t<dt class='gallery-icon landscape'>\n\t\t\t\t<a href='https:\/\/www2.comunitaria.com.br\/en\/em-meio-a-mobilizacoes-prefeito-realiza-doacao-de-sede-para-policiais-militares\/essa2\/'><img loading=\"lazy\" decoding=\"async\" width=\"150\" height=\"150\" src=\"https:\/\/www2.comunitaria.com.br\/wp-content\/uploads\/2015\/08\/essa2-150x150.jpg\" class=\"attachment-thumbnail size-thumbnail\" alt=\"\" srcset=\"https:\/\/www2.comunitaria.com.br\/wp-content\/uploads\/2015\/08\/essa2-150x150.jpg 150w, https:\/\/www2.comunitaria.com.br\/wp-content\/uploads\/2015\/08\/essa2-65x65.jpg 65w\" sizes=\"auto, (max-width: 150px) 100vw, 150px\" \/><\/a>\n\t\t\t<\/dt><\/dl><dl class='gallery-item'>\n\t\t\t<dt class='gallery-icon landscape'>\n\t\t\t\t<a href='https:\/\/www2.comunitaria.com.br\/en\/em-meio-a-mobilizacoes-prefeito-realiza-doacao-de-sede-para-policiais-militares\/minha\/'><img loading=\"lazy\" decoding=\"async\" width=\"150\" height=\"150\" src=\"https:\/\/www2.comunitaria.com.br\/wp-content\/uploads\/2015\/08\/minha-150x150.jpg\" class=\"attachment-thumbnail size-thumbnail\" alt=\"\" srcset=\"https:\/\/www2.comunitaria.com.br\/wp-content\/uploads\/2015\/08\/minha-150x150.jpg 150w, https:\/\/www2.comunitaria.com.br\/wp-content\/uploads\/2015\/08\/minha-65x65.jpg 65w\" sizes=\"auto, (max-width: 150px) 100vw, 150px\" \/><\/a>\n\t\t\t<\/dt><\/dl><br style=\"clear: both\" \/>\n\t\t<\/div>\n\n<p><strong>Com informa\u00e7\u00f5es: Folha do Noroeste<\/strong><\/p>\n<p>&nbsp;<\/p>","protected":false},"excerpt":{"rendered":"<p>Na tarde desta segunda-feira, 3, o prefeito Roberto Felin Junior, oficializou a doa\u00e7\u00e3o do espa\u00e7o da antiga escola Princesa Isabel, na\u00a0Linha Ira\u00ed, para a Associa\u00e7\u00e3o \u00danica dos Policiais Militares do&#8230;<\/p>","protected":false},"author":2,"featured_media":5933,"comment_status":"open","ping_status":"closed","sticky":false,"template":"","format":"standard","meta":{"ngg_post_thumbnail":0,"footnotes":""},"categories":[42,33,36],"tags":[],"class_list":["post-5926","post","type-post","status-publish","format-standard","has-post-thumbnail","hentry","category-fred-west","category-noticias","category-policia"],"amp_enabled":true,"_links":{"self":[{"href":"https:\/\/www2.comunitaria.com.br\/en\/wp-json\/wp\/v2\/posts\/5926","targetHints":{"allow":["GET"]}}],"collection":[{"href":"https:\/\/www2.comunitaria.com.br\/en\/wp-json\/wp\/v2\/posts"}],"about":[{"href":"https:\/\/www2.comunitaria.com.br\/en\/wp-json\/wp\/v2\/types\/post"}],"author":[{"embeddable":true,"href":"https:\/\/www2.comunitaria.com.br\/en\/wp-json\/wp\/v2\/users\/2"}],"replies":[{"embeddable":true,"href":"https:\/\/www2.comunitaria.com.br\/en\/wp-json\/wp\/v2\/comments?post=5926"}],"version-history":[{"count":0,"href":"https:\/\/www2.comunitaria.com.br\/en\/wp-json\/wp\/v2\/posts\/5926\/revisions"}],"wp:featuredmedia":[{"embeddable":true,"href":"https:\/\/www2.comunitaria.com.br\/en\/wp-json\/wp\/v2\/media\/5933"}],"wp:attachment":[{"href":"https:\/\/www2.comunitaria.com.br\/en\/wp-json\/wp\/v2\/media?parent=5926"}],"wp:term":[{"taxonomy":"category","embeddable":true,"href":"https:\/\/www2.comunitaria.com.br\/en\/wp-json\/wp\/v2\/categories?post=5926"},{"taxonomy":"post_tag","embeddable":true,"href":"https:\/\/www2.comunitaria.com.br\/en\/wp-json\/wp\/v2\/tags?post=5926"}],"curies":[{"name":"wp","href":"https:\/\/api.w.org\/{rel}","templated":true}]}}