{"id":59259,"date":"2023-07-27T14:50:05","date_gmt":"2023-07-27T16:50:05","guid":{"rendered":"http:\/\/www2.comunitaria.com.br\/?p=59259"},"modified":"2023-07-27T14:50:05","modified_gmt":"2023-07-27T16:50:05","slug":"sicredi-conexao-promove-a-quinzena-do-credito-a-partir-de-1o-de-agosto","status":"publish","type":"post","link":"https:\/\/www2.comunitaria.com.br\/en\/sicredi-conexao-promove-a-quinzena-do-credito-a-partir-de-1o-de-agosto\/","title":{"rendered":"Sicredi Conex\u00e3o promove a Quinzena do Cr\u00e9dito a partir de 1\u00ba de agosto"},"content":{"rendered":"<p style=\"text-align: justify;\">A Sicredi Conex\u00e3o realizar\u00e1 a Quinzena do Cr\u00e9dito, entre os dias 1\u00ba e 15 de agosto. Todas as ag\u00eancias da Cooperativa, no Norte do Rio Grande do Sul, no Oeste de Santa Catarina e no Sul de Minas Gerais, estar\u00e3o oferecendo taxas justas e imperd\u00edveis, prazos estendidos e condi\u00e7\u00f5es facilitadas.<\/p>\n<p style=\"text-align: justify;\">Os diferenciais da institui\u00e7\u00e3o s\u00e3o destinados a cr\u00e9dito especial para autom\u00f3veis, constru\u00e7\u00e3o e reforma, im\u00f3veis, servi\u00e7os (cirurgias est\u00e9ticas, viagens e festas), eletroeletr\u00f4nicos, inform\u00e1tica e cr\u00e9dito consignado, entre outros, al\u00e9m de capital de&nbsp;giro e linhas para investimentos de empresas.<\/p>\n<p style=\"text-align: justify;\">De acordo com o gerente de Desenvolvimento de Neg\u00f3cios, Marcos Rodrigo Bertei, a Quinzena do Cr\u00e9dito foi pensada para proporcionar muitas oportunidades. \u2013 Nossas ag\u00eancias e colaboradores estar\u00e3o esperando os associados, com o nosso tradicional atendimento diferenciado e com agilidade nas aprova\u00e7\u00f5es. Nossa expectativa \u00e9 que seja uma quinzena incr\u00edvel, porque \u00e0s Pessoas F\u00edsicas, teremos linha para aquisi\u00e7\u00e3o ou troca do ve\u00edculo, aquisi\u00e7\u00e3o ou constru\u00e7\u00e3o de casa ou at\u00e9 mesmo realiza\u00e7\u00e3o da t\u00e3o sonhada viagem em fam\u00edlia. Para as empresas, vamos oferecer op\u00e7\u00f5es para aumentar o capital de giro ou fazer investimento em amplia\u00e7\u00e3o da estrutura e de seus neg\u00f3cios. Voc\u00ea \u00e9 nosso convidado especial a aproveitar. Queremos continuar fazendo a diferen\u00e7a na vida dos nossos associados \u2013 ressalta Bertei.<\/p>\n<p style=\"text-align: justify;\">Al\u00e9m da Quinzena do Cr\u00e9dito, a Cooperativa segue com seu atendimento normal ao p\u00fablico, incluindo o recebimento de propostas de cr\u00e9dito rural, por meio do Plano Safra 2023\/2024, apoiando o pequeno produtor.<\/p>\n<p style=\"text-align: justify;\">&nbsp;<\/p>\n<p style=\"text-align: justify;\">Com informa\u00e7\u00f5es da Ascom da Sicredi.&nbsp;<\/p>","protected":false},"excerpt":{"rendered":"<p>A Sicredi Conex\u00e3o realizar\u00e1 a Quinzena do Cr\u00e9dito, entre os dias 1\u00ba e 15 de agosto. Todas as ag\u00eancias da Cooperativa, no Norte do Rio Grande do Sul, no Oeste&#8230;<\/p>","protected":false},"author":2,"featured_media":59261,"comment_status":"open","ping_status":"closed","sticky":false,"template":"","format":"standard","meta":{"ngg_post_thumbnail":0,"footnotes":""},"categories":[28],"tags":[],"class_list":["post-59259","post","type-post","status-publish","format-standard","has-post-thumbnail","hentry","category-destaque"],"amp_enabled":true,"_links":{"self":[{"href":"https:\/\/www2.comunitaria.com.br\/en\/wp-json\/wp\/v2\/posts\/59259","targetHints":{"allow":["GET"]}}],"collection":[{"href":"https:\/\/www2.comunitaria.com.br\/en\/wp-json\/wp\/v2\/posts"}],"about":[{"href":"https:\/\/www2.comunitaria.com.br\/en\/wp-json\/wp\/v2\/types\/post"}],"author":[{"embeddable":true,"href":"https:\/\/www2.comunitaria.com.br\/en\/wp-json\/wp\/v2\/users\/2"}],"replies":[{"embeddable":true,"href":"https:\/\/www2.comunitaria.com.br\/en\/wp-json\/wp\/v2\/comments?post=59259"}],"version-history":[{"count":0,"href":"https:\/\/www2.comunitaria.com.br\/en\/wp-json\/wp\/v2\/posts\/59259\/revisions"}],"wp:featuredmedia":[{"embeddable":true,"href":"https:\/\/www2.comunitaria.com.br\/en\/wp-json\/wp\/v2\/media\/59261"}],"wp:attachment":[{"href":"https:\/\/www2.comunitaria.com.br\/en\/wp-json\/wp\/v2\/media?parent=59259"}],"wp:term":[{"taxonomy":"category","embeddable":true,"href":"https:\/\/www2.comunitaria.com.br\/en\/wp-json\/wp\/v2\/categories?post=59259"},{"taxonomy":"post_tag","embeddable":true,"href":"https:\/\/www2.comunitaria.com.br\/en\/wp-json\/wp\/v2\/tags?post=59259"}],"curies":[{"name":"wp","href":"https:\/\/api.w.org\/{rel}","templated":true}]}}