{"id":59253,"date":"2023-07-26T17:40:33","date_gmt":"2023-07-26T19:40:33","guid":{"rendered":"http:\/\/www2.comunitaria.com.br\/?p=59253"},"modified":"2023-07-26T17:40:33","modified_gmt":"2023-07-26T19:40:33","slug":"atletas-assinam-primeiro-contrato-profissional-com-as-gurias-do-yucuma","status":"publish","type":"post","link":"https:\/\/www2.comunitaria.com.br\/en\/atletas-assinam-primeiro-contrato-profissional-com-as-gurias-do-yucuma\/","title":{"rendered":"Atletas assinam primeiro contrato profissional com as Gurias do Yucum\u00e3"},"content":{"rendered":"<p style=\"text-align: justify;\">As atletas do elenco do time das Gurias do Yucum\u00e3&nbsp;assinaram seus primeiros contratos profissionais na carreira. A assinatura aconteceu no fim de semana, ap\u00f3s a sess\u00e3o de treinamentos visando a estreia no Gauch\u00e3o Feminino. As seguintes atletas realizaram a assinatura do contrato: Mariana, Dani, Isa, Grazi, S\u00f4nia, Andressa, Mari Lima, Cris e Anelise, e, al\u00e9m delas, tamb\u00e9m esteve presente o diretor das Gurias do Yucum\u00e3, Ildo Scapini.<br \/>\n\u2013 Temos orgulho de representar toda a regi\u00e3o no Futebol Feminino, pois somos uma equipe que trabalha a diversidade ao ter atletas de v\u00e1rios Estados, e jogadoras ind\u00edgenas dentro do nosso elenco. Assinar o contrato destas jogadoras \u00e9 um feito enorme para o clube, pois assim, valorizamos todo o trabalho que \u00e9 realizado aqui em Tenente Portela \u2013 destaca Scapini.<\/p>\n<p style=\"text-align: justify;\">Na trajet\u00f3ria das Gurias do Yucum\u00e3, as atletas se dividem entre o futebol &nbsp;profissional e outras atividades, como \u00e9 o caso da zagueira Dani. Funcion\u00e1ria p\u00fablica, este foi o primeiro contrato profissional assinado pela jogadora no futebol.&nbsp;<\/p>\n<p style=\"text-align: justify;\">O elenco segue os trabalhos visando a estreia no Gauch\u00e3o no dia 30 de julho, diante do Cruzeiro, em Tenente Portela. Os ingressos antecipados j\u00e1 est\u00e3o \u00e0 venda e podem ser adquiridos no valor de R$ 15.<\/p>\n<p style=\"text-align: justify;\">&nbsp;<\/p>\n<p style=\"text-align: justify;\">Com informa\u00e7\u00f5es da Ascom&nbsp; do time Gurias do Yucum\u00e3.&nbsp;<\/p>","protected":false},"excerpt":{"rendered":"<p>As atletas do elenco do time das Gurias do Yucum\u00e3&nbsp;assinaram seus primeiros contratos profissionais na carreira. A assinatura aconteceu no fim de semana, ap\u00f3s a sess\u00e3o de treinamentos visando a estreia no Gauch\u00e3o Feminino. As seguintes atletas realizaram a assinatura do contrato: Mariana, Dani, Isa, Grazi, S\u00f4nia, Andressa, Mari Lima, Cris e Anelise, e, al\u00e9m<\/p>\n<div class=\"read-more-wrapper\"><a class=\"read-more\" href=\"https:\/\/www2.comunitaria.com.br\/en\/atletas-assinam-primeiro-contrato-profissional-com-as-gurias-do-yucuma\/\" title=\"Read More\"> <span class=\"button\">Read More<\/span><\/a><\/div>","protected":false},"author":2,"featured_media":59255,"comment_status":"open","ping_status":"closed","sticky":false,"template":"","format":"standard","meta":{"ngg_post_thumbnail":0,"footnotes":""},"categories":[33],"tags":[],"class_list":["post-59253","post","type-post","status-publish","format-standard","has-post-thumbnail","hentry","category-noticias"],"amp_enabled":true,"_links":{"self":[{"href":"https:\/\/www2.comunitaria.com.br\/en\/wp-json\/wp\/v2\/posts\/59253","targetHints":{"allow":["GET"]}}],"collection":[{"href":"https:\/\/www2.comunitaria.com.br\/en\/wp-json\/wp\/v2\/posts"}],"about":[{"href":"https:\/\/www2.comunitaria.com.br\/en\/wp-json\/wp\/v2\/types\/post"}],"author":[{"embeddable":true,"href":"https:\/\/www2.comunitaria.com.br\/en\/wp-json\/wp\/v2\/users\/2"}],"replies":[{"embeddable":true,"href":"https:\/\/www2.comunitaria.com.br\/en\/wp-json\/wp\/v2\/comments?post=59253"}],"version-history":[{"count":0,"href":"https:\/\/www2.comunitaria.com.br\/en\/wp-json\/wp\/v2\/posts\/59253\/revisions"}],"wp:featuredmedia":[{"embeddable":true,"href":"https:\/\/www2.comunitaria.com.br\/en\/wp-json\/wp\/v2\/media\/59255"}],"wp:attachment":[{"href":"https:\/\/www2.comunitaria.com.br\/en\/wp-json\/wp\/v2\/media?parent=59253"}],"wp:term":[{"taxonomy":"category","embeddable":true,"href":"https:\/\/www2.comunitaria.com.br\/en\/wp-json\/wp\/v2\/categories?post=59253"},{"taxonomy":"post_tag","embeddable":true,"href":"https:\/\/www2.comunitaria.com.br\/en\/wp-json\/wp\/v2\/tags?post=59253"}],"curies":[{"name":"wp","href":"https:\/\/api.w.org\/{rel}","templated":true}]}}