{"id":59159,"date":"2023-07-19T10:26:38","date_gmt":"2023-07-19T12:26:38","guid":{"rendered":"http:\/\/www2.comunitaria.com.br\/?p=59159"},"modified":"2023-07-19T10:26:38","modified_gmt":"2023-07-19T12:26:38","slug":"secretarias-de-esportes-e-assistencia-social-promovem-viagem-ao-festival-de-capoeira-de-oxosse","status":"publish","type":"post","link":"https:\/\/www2.comunitaria.com.br\/en\/secretarias-de-esportes-e-assistencia-social-promovem-viagem-ao-festival-de-capoeira-de-oxosse\/","title":{"rendered":"Secretarias de Esportes e Assist\u00eancia Social promovem viagem ao Festival de Capoeira de Ox\u00f3sse"},"content":{"rendered":"<p style=\"text-align: justify;\">Incentivando diferentes esportes e express\u00f5es culturais, a Administra\u00e7\u00e3o Municipal de Frederico Westphalen, por meio das Secretarias de Assist\u00eancia Social e Esportes em parceria com AABB Comunidade, promoveu no \u00faltimo s\u00e1bado, 15, a viagem de participa\u00e7\u00e3o dos alunos da Oficina de Capoeira no Festival de Capoeira Ox\u00f3sse, em Lajeado. O evento realizado em comemora\u00e7\u00e3o aos 50 anos de Capoeira do Mestre Karcar\u00e1 permitiu a integra\u00e7\u00e3o entre alunos de diversos munic\u00edpios, oficinas com mestres renomados e participa\u00e7\u00e3o de Frederico Westphalen na tradicional berimbalada.<\/p>\n<p style=\"text-align: justify;\">O projeto AABB Comunidade \u2013 Cemaca conta com oficinas de Capoeira destinadas aos integrantes do Centro Municipal de Aten\u00e7\u00e3o \u00e0 Crian\u00e7a e ao Adolescente (Cemaca) e ministradas semanalmente pelo professor de educa\u00e7\u00e3o f\u00edsica e capoeira, Adilson Lima, e supervisionadas pelo meste Doutor Luciomauro.<\/p>\n<p>&nbsp;<\/p>\n<p>Com informa\u00e7\u00f5es da Ascom da Prefeitura de FW.&nbsp;<\/p>","protected":false},"excerpt":{"rendered":"<p>Incentivando diferentes esportes e express\u00f5es culturais, a Administra\u00e7\u00e3o Municipal de Frederico Westphalen, por meio das Secretarias de Assist\u00eancia Social e Esportes em parceria com AABB Comunidade, promoveu no \u00faltimo s\u00e1bado,&#8230;<\/p>","protected":false},"author":2,"featured_media":59161,"comment_status":"open","ping_status":"closed","sticky":false,"template":"","format":"standard","meta":{"ngg_post_thumbnail":0,"footnotes":""},"categories":[33],"tags":[],"class_list":["post-59159","post","type-post","status-publish","format-standard","has-post-thumbnail","hentry","category-noticias"],"amp_enabled":true,"_links":{"self":[{"href":"https:\/\/www2.comunitaria.com.br\/en\/wp-json\/wp\/v2\/posts\/59159","targetHints":{"allow":["GET"]}}],"collection":[{"href":"https:\/\/www2.comunitaria.com.br\/en\/wp-json\/wp\/v2\/posts"}],"about":[{"href":"https:\/\/www2.comunitaria.com.br\/en\/wp-json\/wp\/v2\/types\/post"}],"author":[{"embeddable":true,"href":"https:\/\/www2.comunitaria.com.br\/en\/wp-json\/wp\/v2\/users\/2"}],"replies":[{"embeddable":true,"href":"https:\/\/www2.comunitaria.com.br\/en\/wp-json\/wp\/v2\/comments?post=59159"}],"version-history":[{"count":0,"href":"https:\/\/www2.comunitaria.com.br\/en\/wp-json\/wp\/v2\/posts\/59159\/revisions"}],"wp:featuredmedia":[{"embeddable":true,"href":"https:\/\/www2.comunitaria.com.br\/en\/wp-json\/wp\/v2\/media\/59161"}],"wp:attachment":[{"href":"https:\/\/www2.comunitaria.com.br\/en\/wp-json\/wp\/v2\/media?parent=59159"}],"wp:term":[{"taxonomy":"category","embeddable":true,"href":"https:\/\/www2.comunitaria.com.br\/en\/wp-json\/wp\/v2\/categories?post=59159"},{"taxonomy":"post_tag","embeddable":true,"href":"https:\/\/www2.comunitaria.com.br\/en\/wp-json\/wp\/v2\/tags?post=59159"}],"curies":[{"name":"wp","href":"https:\/\/api.w.org\/{rel}","templated":true}]}}