{"id":59112,"date":"2023-07-14T09:52:44","date_gmt":"2023-07-14T11:52:44","guid":{"rendered":"http:\/\/www2.comunitaria.com.br\/?p=59112"},"modified":"2023-07-14T09:52:44","modified_gmt":"2023-07-14T11:52:44","slug":"lula-participa-de-congresso-da-une-e-promete-mais-universidades","status":"publish","type":"post","link":"https:\/\/www2.comunitaria.com.br\/en\/lula-participa-de-congresso-da-une-e-promete-mais-universidades\/","title":{"rendered":"Lula participa de congresso da UNE e promete mais universidades"},"content":{"rendered":"<p style=\"text-align: justify;\">O presidente Luiz In\u00e1cio Lula da Silva participou, na noite desta quinta-feira (13), em Bras\u00edlia, do 59\u00ba Congresso da Uni\u00e3o Nacional dos Estudantes (UNE). A \u00faltima vez que um presidente da Rep\u00fablica compareceu ao evento foi em 2009, quando o pr\u00f3prio Lula, durante seu segundo mandato, esteve no encontro estudantil. O Congresso da UNE, ou Conune, como costuma ser chamado, \u00e9 considerado o maior encontro de estudantes da Am\u00e9rica Latina e dever\u00e1 reunir cerca de 10 mil participantes at\u00e9 o pr\u00f3ximo domingo (16) na capital federal.<img decoding=\"async\" src=\"https:\/\/agenciabrasil.ebc.com.br\/ebc.png?id=1543831&amp;o=node\"><img decoding=\"async\" src=\"https:\/\/agenciabrasil.ebc.com.br\/ebc.gif?id=1543831&amp;o=node\"><\/p>\n<p style=\"text-align: justify;\">No evento, o presidente prometeu ampliar o n\u00famero de universidades e outras institui\u00e7\u00f5es de ensino no pa\u00eds. \u201cN\u00f3s vamos voltar a fazer mais universidades, a fazer mais escolas t\u00e9cnicas, mais laborat\u00f3rios, vamos nos reunir com reitores e com os estudantes, vamos outra vez colocar o pobre no or\u00e7amento da Uni\u00e3o\u201d, garantiu diante de um gin\u00e1sio Nilson Nelson cheio. Tal promessa j\u00e1 havia sido feita durante a campanha eleitoral, em 2022.<\/p>\n<p style=\"text-align: justify;\">Durante a cerim\u00f4nia, representantes das entidades estudantis leram e entregaram uma carta de reivindica\u00e7\u00f5es ao presidente. Entre os principais pontos, est\u00e3o a manuten\u00e7\u00e3o da pol\u00edtica de cotas e amplia\u00e7\u00e3o do direito de acesso para ind\u00edgenas e pessoas trans, a cria\u00e7\u00e3o da Universidade de Integra\u00e7\u00e3o da Amaz\u00f4nia e a aprova\u00e7\u00e3o de uma lei para instituir o Programa Nacional de Assist\u00eancia Estudantil. Al\u00e9m disso, a UNE reiterou, no documento, o pedido para que o governo revogue o Novo Ensino M\u00e9dio, demanda repetida diversas vezes pelos estudantes em palavras de ordem gritadas no gin\u00e1sio.<\/p>\n<p style=\"text-align: justify;\">Em seu discurso, Lula tamb\u00e9m exaltou o vigor do movimento estudantil. \u201cO que motiva a vida humana e o que motiva a nossa capacidade de ser melhor ou n\u00e3o \u00e9 se a gente tem uma causa ou n\u00e3o tem uma causa\u201d, afirmou. \u201cEu acho extraordin\u00e1rio a UNE apresentar uma pauta de reivindica\u00e7\u00f5es longa, \u00e1rdua e apimentada\u201d, acrescentou.<\/p>\n<p style=\"text-align: justify;\">Falando diante de uma plateia de milhares de jovens, Lula celebrou que o perfil social dos estudantes tenha mudado ao longo da \u00faltima d\u00e9cada, com o ingresso de pobres e negros nas universidades, especialmente a partir dos programas criados em seus governos anteriores.<\/p>\n<p style=\"text-align: justify;\">\u201cAqui n\u00e3o tem apenas filho de gente rica, aqui tem filho de pedreiro, de empregada dom\u00e9stica, aqui tem filho de metal\u00fargico, de qu\u00edmico, de gr\u00e1fico. Aqui est\u00e1 a filha e o filho do povo brasileiro, com a nossa cara\u201d.<\/p>\n<p style=\"text-align: justify;\">&nbsp;<\/p>\n<p style=\"text-align: justify;\">&nbsp;<\/p>\n<p style=\"text-align: justify;\">Fonte: Ag\u00eancia Brasil.<\/p>","protected":false},"excerpt":{"rendered":"<p>O presidente Luiz In\u00e1cio Lula da Silva participou, na noite desta quinta-feira (13), em Bras\u00edlia, do 59\u00ba Congresso da Uni\u00e3o Nacional dos Estudantes (UNE). A \u00faltima vez que um presidente&#8230;<\/p>","protected":false},"author":2,"featured_media":59114,"comment_status":"open","ping_status":"closed","sticky":false,"template":"","format":"standard","meta":{"ngg_post_thumbnail":0,"footnotes":""},"categories":[28],"tags":[],"class_list":["post-59112","post","type-post","status-publish","format-standard","has-post-thumbnail","hentry","category-destaque"],"amp_enabled":true,"_links":{"self":[{"href":"https:\/\/www2.comunitaria.com.br\/en\/wp-json\/wp\/v2\/posts\/59112","targetHints":{"allow":["GET"]}}],"collection":[{"href":"https:\/\/www2.comunitaria.com.br\/en\/wp-json\/wp\/v2\/posts"}],"about":[{"href":"https:\/\/www2.comunitaria.com.br\/en\/wp-json\/wp\/v2\/types\/post"}],"author":[{"embeddable":true,"href":"https:\/\/www2.comunitaria.com.br\/en\/wp-json\/wp\/v2\/users\/2"}],"replies":[{"embeddable":true,"href":"https:\/\/www2.comunitaria.com.br\/en\/wp-json\/wp\/v2\/comments?post=59112"}],"version-history":[{"count":0,"href":"https:\/\/www2.comunitaria.com.br\/en\/wp-json\/wp\/v2\/posts\/59112\/revisions"}],"wp:featuredmedia":[{"embeddable":true,"href":"https:\/\/www2.comunitaria.com.br\/en\/wp-json\/wp\/v2\/media\/59114"}],"wp:attachment":[{"href":"https:\/\/www2.comunitaria.com.br\/en\/wp-json\/wp\/v2\/media?parent=59112"}],"wp:term":[{"taxonomy":"category","embeddable":true,"href":"https:\/\/www2.comunitaria.com.br\/en\/wp-json\/wp\/v2\/categories?post=59112"},{"taxonomy":"post_tag","embeddable":true,"href":"https:\/\/www2.comunitaria.com.br\/en\/wp-json\/wp\/v2\/tags?post=59112"}],"curies":[{"name":"wp","href":"https:\/\/api.w.org\/{rel}","templated":true}]}}