{"id":59031,"date":"2023-07-10T09:34:26","date_gmt":"2023-07-10T11:34:26","guid":{"rendered":"http:\/\/www2.comunitaria.com.br\/?p=59031"},"modified":"2023-07-10T09:34:26","modified_gmt":"2023-07-10T11:34:26","slug":"oab-rs-iniciara-caravana-estadual-para-treinamento-no-sistema-eletronico-da-justica-gaucha","status":"publish","type":"post","link":"https:\/\/www2.comunitaria.com.br\/en\/oab-rs-iniciara-caravana-estadual-para-treinamento-no-sistema-eletronico-da-justica-gaucha\/","title":{"rendered":"OAB\/RS iniciar\u00e1 caravana estadual para treinamento no sistema eletr\u00f4nico da Justi\u00e7a ga\u00facha"},"content":{"rendered":"<p style=\"font-weight: 400; text-align: justify;\">Nesta segunda-feira (10), a OAB\/RS realizar\u00e1 o primeiro curso da <strong><em>Caravana do eproc<\/em><\/strong>, uma s\u00e9rie de treinamentos que percorrer\u00e1 o Rio Grande do Sul promovendo capacita\u00e7\u00e3o para uso do sistema da Justi\u00e7a estadual.<\/p>\n<p style=\"font-weight: 400; text-align: justify;\">A primeira edi\u00e7\u00e3o do curso gratuito ser\u00e1 \u00e0s 18h, no audit\u00f3rio do OAB Cubo (Rua Manoelito de Ornelas, n\u00ba 55 \u2013 Praia de Belas, Porto Alegre).&nbsp;Ap\u00f3s o curso, ser\u00e1 fornecido certificado de participa\u00e7\u00e3o para os inscritos.<\/p>\n<p style=\"font-weight: 400; text-align: justify;\"><a href=\"https:\/\/www.youtube.com\/watch?v=2PlabbHjN1E\" data-saferedirecturl=\"https:\/\/www.google.com\/url?q=https:\/\/www.youtube.com\/watch?v%3D2PlabbHjN1E&amp;source=gmail&amp;ust=1689075025035000&amp;usg=AOvVaw3BTocvr-HRv0WfKDwF_3Lz\">Transmiss\u00e3o no YouTube no canal da OAB\/RS (youtube.com\/CanalOABRS)<\/a><\/p>\n<p style=\"font-weight: 400; text-align: justify;\">As inscri\u00e7\u00f5es podem ser feitas no&nbsp;<a href=\"https:\/\/portaleventos.oabrs.org.br\/evento\/285-i-curso-da-caravana-do-eproc-justica-estadual\" data-saferedirecturl=\"https:\/\/www.google.com\/url?q=https:\/\/portaleventos.oabrs.org.br\/evento\/285-i-curso-da-caravana-do-eproc-justica-estadual&amp;source=gmail&amp;ust=1689075025035000&amp;usg=AOvVaw3sO5CYf9OY6YCBVLjR6KE-\">Portal de Eventos da OAB\/RS (portaleventos.oabrs.org.br)<\/a>.<\/p>\n<p style=\"font-weight: 400; text-align: justify;\"><strong><u>Confira outros eventos da semana<\/u><\/strong><\/p>\n<p style=\"font-weight: 400; text-align: justify;\"><strong>13\/07 &#8211; Semin\u00e1rio de Compliance OAB\/RS e Federasul<\/strong><\/p>\n<p style=\"font-weight: 400; text-align: justify;\">Para manter a advocacia atualizada sobre compliance e ciente sobre a interdisciplinaridade da mat\u00e9ria, a Comiss\u00e3o Especial de Compliance da Ordem ga\u00facha, com o apoio da Federa\u00e7\u00e3o de Entidades Empresariais do Rio Grande do Sul (Federasul), realizar\u00e1 um semin\u00e1rio sobre um tema constante evolu\u00e7\u00e3o no campo jur\u00eddico e empresarial: a conformidade legal e \u00e9tica nas organiza\u00e7\u00f5es.<\/p>\n<p style=\"font-weight: 400; text-align: justify;\"><strong>Quando:<\/strong>&nbsp;13 de julho, a partir das 08h30<\/p>\n<p style=\"font-weight: 400; text-align: justify;\"><strong>Onde:<\/strong>&nbsp;OAB Cubo (Rua Manoelito de Ornelas, n\u00ba 55 \u2013 Praia de Belas, Porto Alegre)<\/p>\n<p style=\"font-weight: 400; text-align: justify;\"><a href=\"https:\/\/www.youtube.com\/watch?v=NfHeMtH-dJk\" data-saferedirecturl=\"https:\/\/www.google.com\/url?q=https:\/\/www.youtube.com\/watch?v%3DNfHeMtH-dJk&amp;source=gmail&amp;ust=1689075025035000&amp;usg=AOvVaw3ajUTgiRMc9vXP8X-5YipC\">Transmiss\u00e3o no YouTube no canal da OAB\/RS (youtube.com\/CanalOABRS)<\/a><\/p>\n<p style=\"font-weight: 400; text-align: justify;\"><strong>Inscri\u00e7\u00e3o:<\/strong>&nbsp;<a href=\"https:\/\/portaleventos.oabrs.org.br\/evento\/277-seminario-de-compliance-oab-e-federasul\" data-saferedirecturl=\"https:\/\/www.google.com\/url?q=https:\/\/portaleventos.oabrs.org.br\/evento\/277-seminario-de-compliance-oab-e-federasul&amp;source=gmail&amp;ust=1689075025035000&amp;usg=AOvVaw01NmY2dpknf7URQLqikc_9\">Portal de Eventos da OAB\/R (portaleventos.oabrs.org.br)<\/a><\/p>\n<p style=\"text-align: justify;\">&nbsp;<\/p>\n<p style=\"font-weight: 400; text-align: justify;\"><strong>13\/07 &#8211; Conversas em Fam\u00edlia: Guarda compartilhada de filhos na tenra idade<\/strong><\/p>\n<p style=\"font-weight: 400; text-align: justify;\"><em>Conversas em Fam\u00edlia<\/em>, o mais novo projeto da Comiss\u00e3o Especial de Direito de Fam\u00edlia e Sucess\u00f5es da OAB\/RS, que tem como objetivo fomentar o debate de quest\u00f5es controvertidas e pr\u00e1ticas do Direito das Fam\u00edlias e das Sucess\u00f5es, ter\u00e1 a sua primeira edi\u00e7\u00e3o na noite de 13 de julho. O encontro ocorrer\u00e1 em formato exclusivamente presencial, no espa\u00e7o coworking do OAB Trend, e ir\u00e1 explorar o tema Guarda compartilhada de filhos na tenra idade.&nbsp; As inscri\u00e7\u00f5es devem ser feitas no Portal de Eventos da Ordem ga\u00facha.<\/p>\n<p style=\"font-weight: 400; text-align: justify;\"><strong>Quando:<\/strong> 13 de julho, a partir das 19h<\/p>\n<p style=\"font-weight: 400; text-align: justify;\"><strong>Onde:<\/strong>&nbsp;Espa\u00e7o Coworking &#8211; OAB Trend (Manoelito de Ornellas, n\u00b0 55 &#8211; 8\u00ba andar \u2013 Praia de Belas, Porto Alegre)<\/p>\n<p style=\"font-weight: 400; text-align: justify;\"><strong>Inscri\u00e7\u00e3o:<\/strong>&nbsp;<a href=\"https:\/\/portaleventos.oabrs.org.br\/evento\/283-conversas-em-familia-guarda-compartilhada-de-filhos-na-tenra-idade\" data-saferedirecturl=\"https:\/\/www.google.com\/url?q=https:\/\/portaleventos.oabrs.org.br\/evento\/283-conversas-em-familia-guarda-compartilhada-de-filhos-na-tenra-idade&amp;source=gmail&amp;ust=1689075025035000&amp;usg=AOvVaw1YPziNzt8XTTeqJ16KjFq5\">Portal de Eventos da OAB\/R (portaleventos.oabrs.org.br)<\/a><\/p>\n<p style=\"text-align: justify;\">&nbsp;<\/p>\n<p style=\"text-align: justify;\">Com informa\u00e7\u00f5es da OAB\/RS.<\/p>","protected":false},"excerpt":{"rendered":"<p>Nesta segunda-feira (10), a OAB\/RS realizar\u00e1 o primeiro curso da Caravana do eproc, uma s\u00e9rie de treinamentos que percorrer\u00e1 o Rio Grande do Sul promovendo capacita\u00e7\u00e3o para uso do sistema&#8230;<\/p>","protected":false},"author":2,"featured_media":59033,"comment_status":"open","ping_status":"closed","sticky":false,"template":"","format":"standard","meta":{"ngg_post_thumbnail":0,"footnotes":""},"categories":[28],"tags":[],"class_list":["post-59031","post","type-post","status-publish","format-standard","has-post-thumbnail","hentry","category-destaque"],"amp_enabled":true,"_links":{"self":[{"href":"https:\/\/www2.comunitaria.com.br\/en\/wp-json\/wp\/v2\/posts\/59031","targetHints":{"allow":["GET"]}}],"collection":[{"href":"https:\/\/www2.comunitaria.com.br\/en\/wp-json\/wp\/v2\/posts"}],"about":[{"href":"https:\/\/www2.comunitaria.com.br\/en\/wp-json\/wp\/v2\/types\/post"}],"author":[{"embeddable":true,"href":"https:\/\/www2.comunitaria.com.br\/en\/wp-json\/wp\/v2\/users\/2"}],"replies":[{"embeddable":true,"href":"https:\/\/www2.comunitaria.com.br\/en\/wp-json\/wp\/v2\/comments?post=59031"}],"version-history":[{"count":0,"href":"https:\/\/www2.comunitaria.com.br\/en\/wp-json\/wp\/v2\/posts\/59031\/revisions"}],"wp:featuredmedia":[{"embeddable":true,"href":"https:\/\/www2.comunitaria.com.br\/en\/wp-json\/wp\/v2\/media\/59033"}],"wp:attachment":[{"href":"https:\/\/www2.comunitaria.com.br\/en\/wp-json\/wp\/v2\/media?parent=59031"}],"wp:term":[{"taxonomy":"category","embeddable":true,"href":"https:\/\/www2.comunitaria.com.br\/en\/wp-json\/wp\/v2\/categories?post=59031"},{"taxonomy":"post_tag","embeddable":true,"href":"https:\/\/www2.comunitaria.com.br\/en\/wp-json\/wp\/v2\/tags?post=59031"}],"curies":[{"name":"wp","href":"https:\/\/api.w.org\/{rel}","templated":true}]}}