{"id":590,"date":"2014-11-19T14:59:34","date_gmt":"2014-11-19T16:59:34","guid":{"rendered":"http:\/\/www2.comunitaria.com.br\/?p=590"},"modified":"2014-11-19T14:59:34","modified_gmt":"2014-11-19T16:59:34","slug":"prefeito-palestra-na-aci-fw","status":"publish","type":"post","link":"https:\/\/www2.comunitaria.com.br\/en\/prefeito-palestra-na-aci-fw\/","title":{"rendered":"Prefeito palestra na ACI-FW"},"content":{"rendered":"<p style=\"text-align: justify;\">Nesta semana, a Associa\u00e7\u00e3o Comercial e Industrial de Frederico Westphalen (ACI-FW) promove mais uma edi\u00e7\u00e3o de seus tradicionais encontros empresariais. Na quinta-feira, 20, o prefeito de Frederico Westphalen, Roberto Felin J\u00fanior, compartilhar\u00e1 aspectos da administra\u00e7\u00e3o do munic\u00edpio durante o jantar-palestra que ser\u00e1 realizado no sal\u00e3o nobre da entidade, \u00e0s 20 horas.<\/p>\n<p style=\"text-align: justify;\">Os ingressos para o evento ser\u00e3o comercializados at\u00e9 amanh\u00e3, em hor\u00e1rio comercial, na sede da ACI-FW. Informa\u00e7\u00f5es e reservas podem ser solicitadas pelo telefone (55) 3744.4244.<\/p>","protected":false},"excerpt":{"rendered":"<p>Nesta semana, a Associa\u00e7\u00e3o Comercial e Industrial de Frederico Westphalen (ACI-FW) promove mais uma edi\u00e7\u00e3o de seus tradicionais encontros empresariais. Na quinta-feira, 20, o prefeito de Frederico Westphalen, Roberto Felin J\u00fanior, compartilhar\u00e1 aspectos da administra\u00e7\u00e3o do munic\u00edpio durante o jantar-palestra que ser\u00e1 realizado no sal\u00e3o nobre da entidade, \u00e0s 20 horas. Os ingressos para o<\/p>\n<div class=\"read-more-wrapper\"><a class=\"read-more\" href=\"https:\/\/www2.comunitaria.com.br\/en\/prefeito-palestra-na-aci-fw\/\" title=\"Read More\"> <span class=\"button\">Read More<\/span><\/a><\/div>","protected":false},"author":2,"featured_media":591,"comment_status":"open","ping_status":"closed","sticky":false,"template":"","format":"standard","meta":{"ngg_post_thumbnail":0,"footnotes":""},"categories":[42,33],"tags":[200,199,198],"class_list":["post-590","post","type-post","status-publish","format-standard","has-post-thumbnail","hentry","category-fred-west","category-noticias","tag-aci","tag-betinho","tag-prefeito"],"amp_enabled":true,"_links":{"self":[{"href":"https:\/\/www2.comunitaria.com.br\/en\/wp-json\/wp\/v2\/posts\/590","targetHints":{"allow":["GET"]}}],"collection":[{"href":"https:\/\/www2.comunitaria.com.br\/en\/wp-json\/wp\/v2\/posts"}],"about":[{"href":"https:\/\/www2.comunitaria.com.br\/en\/wp-json\/wp\/v2\/types\/post"}],"author":[{"embeddable":true,"href":"https:\/\/www2.comunitaria.com.br\/en\/wp-json\/wp\/v2\/users\/2"}],"replies":[{"embeddable":true,"href":"https:\/\/www2.comunitaria.com.br\/en\/wp-json\/wp\/v2\/comments?post=590"}],"version-history":[{"count":0,"href":"https:\/\/www2.comunitaria.com.br\/en\/wp-json\/wp\/v2\/posts\/590\/revisions"}],"wp:featuredmedia":[{"embeddable":true,"href":"https:\/\/www2.comunitaria.com.br\/en\/wp-json\/wp\/v2\/media\/591"}],"wp:attachment":[{"href":"https:\/\/www2.comunitaria.com.br\/en\/wp-json\/wp\/v2\/media?parent=590"}],"wp:term":[{"taxonomy":"category","embeddable":true,"href":"https:\/\/www2.comunitaria.com.br\/en\/wp-json\/wp\/v2\/categories?post=590"},{"taxonomy":"post_tag","embeddable":true,"href":"https:\/\/www2.comunitaria.com.br\/en\/wp-json\/wp\/v2\/tags?post=590"}],"curies":[{"name":"wp","href":"https:\/\/api.w.org\/{rel}","templated":true}]}}