{"id":58979,"date":"2023-07-05T10:16:51","date_gmt":"2023-07-05T12:16:51","guid":{"rendered":"http:\/\/www2.comunitaria.com.br\/?p=58979"},"modified":"2023-07-05T10:16:51","modified_gmt":"2023-07-05T12:16:51","slug":"homem-morre-em-acidente-de-trabalho-em-ametista-do-sul","status":"publish","type":"post","link":"https:\/\/www2.comunitaria.com.br\/en\/homem-morre-em-acidente-de-trabalho-em-ametista-do-sul\/","title":{"rendered":"Homem morre em acidente de trabalho em Ametista do Sul"},"content":{"rendered":"<div class=\"article-paragraph\">\n<p style=\"text-align: justify;\">Um homem morreu durante um acidente de trabalho nessa ter\u00e7a-feira (4) em&nbsp;<a href=\"https:\/\/gauchazh.clicrbs.com.br\/ultimas-noticias\/tag\/ametista-do-sul\/\"><strong>Ametista do Sul<\/strong><\/a>, no&nbsp;<a href=\"https:\/\/gauchazh.clicrbs.com.br\/ultimas-noticias\/tag\/norte-do-rs\/\"><strong>norte do Estado<\/strong><\/a>. O caso ocorreu por volta das 17h30min.<\/p>\n<\/div>\n<div class=\"article-paragraph\" style=\"text-align: justify;\">\n<p>A v\u00edtima foi identificada como Ivan Dias Saldanha. Conforme a&nbsp;<a href=\"https:\/\/gauchazh.clicrbs.com.br\/ultimas-noticias\/tag\/brigada-militar\/\"><strong>Brigada Militar<\/strong><\/a>, o homem realizava um servi\u00e7o de concretagem em uma obra na localidade de linha S\u00e3o Rafael, no interior do munic\u00edpio, quando foi atingido por uma pe\u00e7a do caminh\u00e3o que auxiliava nas atividades.<\/p>\n<\/div>\n<div class=\"article-paragraph\">\n<p style=\"text-align: justify;\">Segundo a Brigada Militar, trata-se do equipamento de um caminh\u00e3o munck (guindaste), que teria quebrado na base e atingido o homem, que morreu no local.<\/p>\n<\/div>\n<p>&nbsp;<\/p>\n<p>Com informa\u00e7\u00f5es da GZH.&nbsp;<\/p>","protected":false},"excerpt":{"rendered":"<p>Um homem morreu durante um acidente de trabalho nessa ter\u00e7a-feira (4) em&nbsp;Ametista do Sul, no&nbsp;norte do Estado. O caso ocorreu por volta das 17h30min. A v\u00edtima foi identificada como Ivan Dias Saldanha. Conforme a&nbsp;Brigada Militar, o homem realizava um servi\u00e7o de concretagem em uma obra na localidade de linha S\u00e3o Rafael, no interior do munic\u00edpio,<\/p>\n<div class=\"read-more-wrapper\"><a class=\"read-more\" href=\"https:\/\/www2.comunitaria.com.br\/en\/homem-morre-em-acidente-de-trabalho-em-ametista-do-sul\/\" title=\"Read More\"> <span class=\"button\">Read More<\/span><\/a><\/div>","protected":false},"author":2,"featured_media":58768,"comment_status":"open","ping_status":"closed","sticky":false,"template":"","format":"standard","meta":{"ngg_post_thumbnail":0,"footnotes":""},"categories":[28],"tags":[],"class_list":["post-58979","post","type-post","status-publish","format-standard","has-post-thumbnail","hentry","category-destaque"],"amp_enabled":true,"_links":{"self":[{"href":"https:\/\/www2.comunitaria.com.br\/en\/wp-json\/wp\/v2\/posts\/58979","targetHints":{"allow":["GET"]}}],"collection":[{"href":"https:\/\/www2.comunitaria.com.br\/en\/wp-json\/wp\/v2\/posts"}],"about":[{"href":"https:\/\/www2.comunitaria.com.br\/en\/wp-json\/wp\/v2\/types\/post"}],"author":[{"embeddable":true,"href":"https:\/\/www2.comunitaria.com.br\/en\/wp-json\/wp\/v2\/users\/2"}],"replies":[{"embeddable":true,"href":"https:\/\/www2.comunitaria.com.br\/en\/wp-json\/wp\/v2\/comments?post=58979"}],"version-history":[{"count":0,"href":"https:\/\/www2.comunitaria.com.br\/en\/wp-json\/wp\/v2\/posts\/58979\/revisions"}],"wp:featuredmedia":[{"embeddable":true,"href":"https:\/\/www2.comunitaria.com.br\/en\/wp-json\/wp\/v2\/media\/58768"}],"wp:attachment":[{"href":"https:\/\/www2.comunitaria.com.br\/en\/wp-json\/wp\/v2\/media?parent=58979"}],"wp:term":[{"taxonomy":"category","embeddable":true,"href":"https:\/\/www2.comunitaria.com.br\/en\/wp-json\/wp\/v2\/categories?post=58979"},{"taxonomy":"post_tag","embeddable":true,"href":"https:\/\/www2.comunitaria.com.br\/en\/wp-json\/wp\/v2\/tags?post=58979"}],"curies":[{"name":"wp","href":"https:\/\/api.w.org\/{rel}","templated":true}]}}