{"id":58728,"date":"2023-06-16T09:52:03","date_gmt":"2023-06-16T11:52:03","guid":{"rendered":"http:\/\/www2.comunitaria.com.br\/?p=58728"},"modified":"2023-06-16T09:52:03","modified_gmt":"2023-06-16T11:52:03","slug":"ciclone-causa-alagamentos-quedas-de-arvores-falta-de-luz-e-bloqueios-de-estradas-no-rs","status":"publish","type":"post","link":"https:\/\/www2.comunitaria.com.br\/en\/ciclone-causa-alagamentos-quedas-de-arvores-falta-de-luz-e-bloqueios-de-estradas-no-rs\/","title":{"rendered":"Ciclone causa alagamentos, quedas de \u00e1rvores, falta de luz e bloqueios de estradas no RS"},"content":{"rendered":"<p style=\"text-align: justify;\">Um ciclone extratropical, com chuvas intensas e fortes rajadas de vento, assustou os ga\u00fachos e causou estragos na madrugada desta sexta-feira (16). O fen\u00f4meno provocou alagamentos, quedas de \u00e1rvores e postes, deslizamentos de terra, falta de luz, bloqueios de estradas, entre outros transtornos, em diversos munic\u00edpios do Rio Grande do Sul.<\/p>\n<p style=\"text-align: justify;\">V\u00e1rias ruas e avenidas de&nbsp;<a href=\"https:\/\/www.osul.com.br\/temporal-prefeitura-de-porto-alegre-pede-que-as-pessoas-evitem-transitar-pelas-ruas-da-cidade-nesta-sexta\/\" target=\"_blank\" rel=\"noopener\">Porto Alegre<\/a>&nbsp;amanheceram alagadas, tomadas por galhos e bloqueadas nesta sexta. Por volta das 6h, havia mais de 20 pontos com bloqueios em vias da Capital ocasionados por quedas de \u00e1rvores, postes ou ac\u00famulo de \u00e1gua, segundo a EPTC (Empresa P\u00fablica de Transporte e Circula\u00e7\u00e3o).<\/p>\n<p style=\"text-align: justify;\">A Zona Sul foi a mais atingida em Porto Alegre. No interior do Estado, onde os ventos chegaram a atingir 100 quil\u00f4metros por hora, as \u00e1reas mais afetadas pelos temporais s\u00e3o o Litoral Norte, a Serra Ga\u00facha, os Vales do Sinos, Paranhana e Ca\u00ed e as regi\u00f5es Metropolitana e Nordeste.<\/p>\n<p style=\"text-align: justify;\">As aulas foram suspensas em pelo menos dez cidades ga\u00fachas. No Litoral Norte, em Santo Ant\u00f4nio da Patrulha, mais de 70 pessoas, entre elas 50 idosos, foram obrigadas a deixar os locais onde residem em raz\u00e3o dos alagamentos.<\/p>\n<p style=\"text-align: justify;\">A cidade de Maquin\u00e9 registrou grandes acumulados de chuva e ficou inundada. Tamb\u00e9m h\u00e1 transtornos em Cap\u00e3o da Canoa, Xangri-L\u00e1, Tramanda\u00ed e Os\u00f3rio. Os rios Ca\u00ed, Paranhana e Sinos apresentam cheias, aumentando o risco de inunda\u00e7\u00f5es.<\/p>\n<p style=\"text-align: justify;\">Segundo a PRF (Pol\u00edcia Rodovi\u00e1ria Federal), entre as rodovias com bloqueios, est\u00e3o a BR-116, em Gua\u00edba, Sapucaia do Sul e Morro Reuter, e a BR-470, em Carlos Barbosa e Salvador do Sul.<\/p>\n<p style=\"text-align: justify;\">O governador Eduardo Leite&nbsp;<span class=\"css-901oao css-16my406 r-poiln3 r-bcqeeo r-qvutc0\">afirmou que as \u201cequipes da&nbsp;<\/span><span class=\"r-18u37iz\">Defesa Civil do Estado, Corpo de Bombeiros e Brigada Militar&nbsp;<\/span><span class=\"css-901oao css-16my406 r-poiln3 r-bcqeeo r-qvutc0\">est\u00e3o mobilizadas para dar a assist\u00eancia e o apoio \u00e0s comunidades mais afetadas pelas fortes chuvas\u201d.<\/span><\/p>\n<p style=\"text-align: justify;\">&nbsp;<\/p>\n<p style=\"text-align: justify;\">Com informa\u00e7\u00f5es do Jornal O Sul.<\/p>","protected":false},"excerpt":{"rendered":"<p>Um ciclone extratropical, com chuvas intensas e fortes rajadas de vento, assustou os ga\u00fachos e causou estragos na madrugada desta sexta-feira (16). O fen\u00f4meno provocou alagamentos, quedas de \u00e1rvores e&#8230;<\/p>","protected":false},"author":2,"featured_media":58730,"comment_status":"open","ping_status":"closed","sticky":false,"template":"","format":"standard","meta":{"ngg_post_thumbnail":0,"footnotes":""},"categories":[28],"tags":[],"class_list":["post-58728","post","type-post","status-publish","format-standard","has-post-thumbnail","hentry","category-destaque"],"amp_enabled":true,"_links":{"self":[{"href":"https:\/\/www2.comunitaria.com.br\/en\/wp-json\/wp\/v2\/posts\/58728","targetHints":{"allow":["GET"]}}],"collection":[{"href":"https:\/\/www2.comunitaria.com.br\/en\/wp-json\/wp\/v2\/posts"}],"about":[{"href":"https:\/\/www2.comunitaria.com.br\/en\/wp-json\/wp\/v2\/types\/post"}],"author":[{"embeddable":true,"href":"https:\/\/www2.comunitaria.com.br\/en\/wp-json\/wp\/v2\/users\/2"}],"replies":[{"embeddable":true,"href":"https:\/\/www2.comunitaria.com.br\/en\/wp-json\/wp\/v2\/comments?post=58728"}],"version-history":[{"count":0,"href":"https:\/\/www2.comunitaria.com.br\/en\/wp-json\/wp\/v2\/posts\/58728\/revisions"}],"wp:featuredmedia":[{"embeddable":true,"href":"https:\/\/www2.comunitaria.com.br\/en\/wp-json\/wp\/v2\/media\/58730"}],"wp:attachment":[{"href":"https:\/\/www2.comunitaria.com.br\/en\/wp-json\/wp\/v2\/media?parent=58728"}],"wp:term":[{"taxonomy":"category","embeddable":true,"href":"https:\/\/www2.comunitaria.com.br\/en\/wp-json\/wp\/v2\/categories?post=58728"},{"taxonomy":"post_tag","embeddable":true,"href":"https:\/\/www2.comunitaria.com.br\/en\/wp-json\/wp\/v2\/tags?post=58728"}],"curies":[{"name":"wp","href":"https:\/\/api.w.org\/{rel}","templated":true}]}}