{"id":58722,"date":"2023-06-16T09:17:28","date_gmt":"2023-06-16T11:17:28","guid":{"rendered":"http:\/\/www2.comunitaria.com.br\/?p=58722"},"modified":"2023-06-16T09:17:28","modified_gmt":"2023-06-16T11:17:28","slug":"rede-municipal-de-ensino-de-frederico-westphalen-e-selecionada-para-receber-obras-literarias-do-fundo-de-apoio-a-cultura-fac-rs","status":"publish","type":"post","link":"https:\/\/www2.comunitaria.com.br\/en\/rede-municipal-de-ensino-de-frederico-westphalen-e-selecionada-para-receber-obras-literarias-do-fundo-de-apoio-a-cultura-fac-rs\/","title":{"rendered":"Rede Municipal de Ensino de Frederico Westphalen \u00e9 selecionada para receber obras liter\u00e1rias do Fundo de Apoio \u00e0 Cultura (FAC-RS)"},"content":{"rendered":"<p style=\"text-align: justify;\">Com o objetivo de incentivar e democratizar a leitura, as escolas municipais de Frederico Westphalen foram selecionadas pelo Projeto PR\u00d3-CULTURA RS FAC \u2013 Fundo de Apoio \u00e0 Cultura do Governo do Estado do Rio Grande do Sul para receber exemplares da obra \u201cAs Travessuras do Maneco \u2013 Uma obra de resgate do folclore popular\u201d escrita por Danilo Andr\u00e9 Gregory.<\/p>\n<p style=\"text-align: justify;\">A iniciativa do Governo do Estado abrange as turmas de 4\u00ba ao 9\u00ba ano do Ensino Fundamental da Rede Municipal e a distribui\u00e7\u00e3o ser\u00e1 realizada ap\u00f3s o lan\u00e7amento oficial do livro. O lan\u00e7amento da obra contemplada pelo Edital de Concurso FAC Publica\u00e7\u00f5es acontece no dia 18 de junho, \u00e0s 16h, atrav\u00e9s da Live no YouTube. A comunidade, bem como os estudantes, pode prestigiar o evento pelo link: <a href=\"https:\/\/www.youtube.com\/watch?v=oQWqfSUGnRY\">https:\/\/www.youtube.com\/live\/oQWqfSUGnRY?feature=share<\/a><\/p>\n<p>&nbsp;<\/p>\n<p style=\"text-align: justify;\">&nbsp;<\/p>\n<p>Com informa\u00e7\u00f5es da Ascom de Frederico Westphalen.<\/p>","protected":false},"excerpt":{"rendered":"<p>Com o objetivo de incentivar e democratizar a leitura, as escolas municipais de Frederico Westphalen foram selecionadas pelo Projeto PR\u00d3-CULTURA RS FAC \u2013 Fundo de Apoio \u00e0 Cultura do Governo&#8230;<\/p>","protected":false},"author":2,"featured_media":58724,"comment_status":"open","ping_status":"closed","sticky":false,"template":"","format":"standard","meta":{"ngg_post_thumbnail":0,"footnotes":""},"categories":[28],"tags":[],"class_list":["post-58722","post","type-post","status-publish","format-standard","has-post-thumbnail","hentry","category-destaque"],"amp_enabled":true,"_links":{"self":[{"href":"https:\/\/www2.comunitaria.com.br\/en\/wp-json\/wp\/v2\/posts\/58722","targetHints":{"allow":["GET"]}}],"collection":[{"href":"https:\/\/www2.comunitaria.com.br\/en\/wp-json\/wp\/v2\/posts"}],"about":[{"href":"https:\/\/www2.comunitaria.com.br\/en\/wp-json\/wp\/v2\/types\/post"}],"author":[{"embeddable":true,"href":"https:\/\/www2.comunitaria.com.br\/en\/wp-json\/wp\/v2\/users\/2"}],"replies":[{"embeddable":true,"href":"https:\/\/www2.comunitaria.com.br\/en\/wp-json\/wp\/v2\/comments?post=58722"}],"version-history":[{"count":0,"href":"https:\/\/www2.comunitaria.com.br\/en\/wp-json\/wp\/v2\/posts\/58722\/revisions"}],"wp:featuredmedia":[{"embeddable":true,"href":"https:\/\/www2.comunitaria.com.br\/en\/wp-json\/wp\/v2\/media\/58724"}],"wp:attachment":[{"href":"https:\/\/www2.comunitaria.com.br\/en\/wp-json\/wp\/v2\/media?parent=58722"}],"wp:term":[{"taxonomy":"category","embeddable":true,"href":"https:\/\/www2.comunitaria.com.br\/en\/wp-json\/wp\/v2\/categories?post=58722"},{"taxonomy":"post_tag","embeddable":true,"href":"https:\/\/www2.comunitaria.com.br\/en\/wp-json\/wp\/v2\/tags?post=58722"}],"curies":[{"name":"wp","href":"https:\/\/api.w.org\/{rel}","templated":true}]}}