{"id":58699,"date":"2023-06-15T09:38:11","date_gmt":"2023-06-15T11:38:11","guid":{"rendered":"http:\/\/www2.comunitaria.com.br\/?p=58699"},"modified":"2023-06-15T09:39:00","modified_gmt":"2023-06-15T11:39:00","slug":"jantar-festivo-em-comemoracao-aos-50-anos-do-ctg-rodeio-da-querencia-sera-neste-sabado-17","status":"publish","type":"post","link":"https:\/\/www2.comunitaria.com.br\/en\/jantar-festivo-em-comemoracao-aos-50-anos-do-ctg-rodeio-da-querencia-sera-neste-sabado-17\/","title":{"rendered":"Jantar Festivo em comemora\u00e7\u00e3o aos 50 anos do CTG Rodeio da Quer\u00eancia ser\u00e1 neste s\u00e1bado, 17"},"content":{"rendered":"<p style=\"text-align: justify;\">O Centro de Tradi\u00e7\u00f5es Ga\u00fachas (CTG) Rodeio da Quer\u00eancia de Frederico&nbsp; Westphalen completa o Cinquenten\u00e1rio da entidade no dia 19 de junho. Em comemora\u00e7\u00e3o aos 50 anos, a entidade realizar\u00e1 uma Solenidade seguida por um Jantar Festivo.<\/p>\n<p style=\"text-align: justify;\">A Solenidade&nbsp; e o Jantar ocorrer\u00e3o no pr\u00f3ximo s\u00e1bado, dia 17 junho, na sede social, Rua Garibaldi, 433, no Bairro Aparecida.<\/p>\n<p style=\"text-align: justify;\">O card\u00e1pio conta com: Churrasco encilhado, arroz branco, arroz \u00e0 grega, mandioca, maionese, cuca, p\u00e3es e saladas diversas.&nbsp;<\/p>\n<p style=\"text-align: justify;\">O valor do ingresso \u00e9 R$ 50,00.<\/p>\n<p style=\"text-align: justify;\">Os ingressos est\u00e3o dispon\u00edveis na loja O Bolicho que fica na Rua Miguel Couto,564 e com os membros da Patronagem do CTG.&nbsp;<\/p>\n<p style=\"text-align: justify;\">&nbsp;<\/p>","protected":false},"excerpt":{"rendered":"<p>O Centro de Tradi\u00e7\u00f5es Ga\u00fachas (CTG) Rodeio da Quer\u00eancia de Frederico&nbsp; Westphalen completa o Cinquenten\u00e1rio da entidade no dia 19 de junho. Em comemora\u00e7\u00e3o aos 50 anos, a entidade realizar\u00e1&#8230;<\/p>","protected":false},"author":2,"featured_media":58701,"comment_status":"open","ping_status":"closed","sticky":false,"template":"","format":"standard","meta":{"ngg_post_thumbnail":0,"footnotes":""},"categories":[28],"tags":[],"class_list":["post-58699","post","type-post","status-publish","format-standard","has-post-thumbnail","hentry","category-destaque"],"amp_enabled":true,"_links":{"self":[{"href":"https:\/\/www2.comunitaria.com.br\/en\/wp-json\/wp\/v2\/posts\/58699","targetHints":{"allow":["GET"]}}],"collection":[{"href":"https:\/\/www2.comunitaria.com.br\/en\/wp-json\/wp\/v2\/posts"}],"about":[{"href":"https:\/\/www2.comunitaria.com.br\/en\/wp-json\/wp\/v2\/types\/post"}],"author":[{"embeddable":true,"href":"https:\/\/www2.comunitaria.com.br\/en\/wp-json\/wp\/v2\/users\/2"}],"replies":[{"embeddable":true,"href":"https:\/\/www2.comunitaria.com.br\/en\/wp-json\/wp\/v2\/comments?post=58699"}],"version-history":[{"count":0,"href":"https:\/\/www2.comunitaria.com.br\/en\/wp-json\/wp\/v2\/posts\/58699\/revisions"}],"wp:featuredmedia":[{"embeddable":true,"href":"https:\/\/www2.comunitaria.com.br\/en\/wp-json\/wp\/v2\/media\/58701"}],"wp:attachment":[{"href":"https:\/\/www2.comunitaria.com.br\/en\/wp-json\/wp\/v2\/media?parent=58699"}],"wp:term":[{"taxonomy":"category","embeddable":true,"href":"https:\/\/www2.comunitaria.com.br\/en\/wp-json\/wp\/v2\/categories?post=58699"},{"taxonomy":"post_tag","embeddable":true,"href":"https:\/\/www2.comunitaria.com.br\/en\/wp-json\/wp\/v2\/tags?post=58699"}],"curies":[{"name":"wp","href":"https:\/\/api.w.org\/{rel}","templated":true}]}}