{"id":58616,"date":"2023-06-07T09:12:48","date_gmt":"2023-06-07T11:12:48","guid":{"rendered":"http:\/\/www2.comunitaria.com.br\/?p=58616"},"modified":"2023-06-07T09:45:29","modified_gmt":"2023-06-07T11:45:29","slug":"sicredi-valoriza-parceiros-promovendo-o-feirao-de-negocios-em-ametista-do-sul-rs","status":"publish","type":"post","link":"https:\/\/www2.comunitaria.com.br\/en\/sicredi-valoriza-parceiros-promovendo-o-feirao-de-negocios-em-ametista-do-sul-rs\/","title":{"rendered":"Sicredi promover\u00e1 Feir\u00e3o de Neg\u00f3cios em Ametista do Sul"},"content":{"rendered":"<p style=\"text-align: justify;\">A Sicredi Conex\u00e3o realizar\u00e1 o seu Feir\u00e3o de Neg\u00f3cios em Ametista do Sul. O evento, que acontecer\u00e1 nos dias 23 e 24 de junho, das 9 horas \u00e0s 17 horas, ao lado da Pra\u00e7a Central Sicredi, conta com o apoio da prefeitura, Associa\u00e7\u00e3o Comercial, Industrial, de Servi\u00e7os e Agropecu\u00e1ria (Acias), Sindicato dos Trabalhadores Rurais, Emater-RS\/Ascar, Associa\u00e7\u00e3o de Desenvolvimento Tur\u00edstico (ADTA), Secretaria Municipal do Turismo e Coogamai. A programa\u00e7\u00e3o j\u00e1 tem mais de 20 expositores confirmados, entre revendas de ve\u00edculos, empresas de energia solar, de materiais de constru\u00e7\u00e3o, de eletrodom\u00e9sticos e de m\u00f3veis. No segmento do agro, estar\u00e3o presentes agropecu\u00e1rias, revendas de m\u00e1quinas, a Coperametista e agroind\u00fastrias.<\/p>\n<p style=\"text-align: justify;\">Al\u00e9m disso, cervejarias estar\u00e3o participando e, tamb\u00e9m, o Feir\u00e3o ter\u00e1 representantes dos garimpos, que s\u00e3o a base de boa parte da cadeia produtiva no munic\u00edpio. As crian\u00e7as contar\u00e3o com atra\u00e7\u00f5es especiais, como cama el\u00e1stica, brinquedos infl\u00e1veis e distribui\u00e7\u00e3o de pipocas. De acordo com o gerente da ag\u00eancia do Sicredi, Vanderlei Argenta, al\u00e9m da expectativa de receber um grande p\u00fablico, o turismo tamb\u00e9m estar\u00e1 em pauta durante o Feir\u00e3o. \u2013 Nos dois dias, queremos fomentar o turismo, atrav\u00e9s de linhas de cr\u00e9dito por meio do Fungetur.<\/p>\n<p style=\"text-align: justify;\">Ainda, junto aos parceiros, disponibilizar linhas de cr\u00e9dito destinadas a ve\u00edculos e energia sustent\u00e1vel, e apoiar o agroneg\u00f3cio por interm\u00e9dio de custeios e investimentos. Tamb\u00e9m, estaremos oferecendo descontos nos cons\u00f3rcios. Em fun\u00e7\u00e3o de todos os atrativos, queremos gerar neg\u00f3cios, estreitar relacionamento, impulsionar o desenvolvimento, fazendo a diferen\u00e7a na vida do associado e da sociedade. Por isso, convidamos a comunidade que prestigie o nosso Feir\u00e3o e aproveite todas as oportunidades que ser\u00e3o disponibilizadas \u2013 frisa Argenta.<\/p>\n<p style=\"text-align: justify;\">&nbsp;<\/p>\n<p style=\"text-align: justify;\">Com informa\u00e7\u00f5es da Ascom da Sicredi.<\/p>","protected":false},"excerpt":{"rendered":"<p>A Sicredi Conex\u00e3o realizar\u00e1 o seu Feir\u00e3o de Neg\u00f3cios em Ametista do Sul. O evento, que acontecer\u00e1 nos dias 23 e 24 de junho, das 9 horas \u00e0s 17 horas,&#8230;<\/p>","protected":false},"author":2,"featured_media":58618,"comment_status":"open","ping_status":"closed","sticky":false,"template":"","format":"standard","meta":{"ngg_post_thumbnail":0,"footnotes":""},"categories":[28],"tags":[],"class_list":["post-58616","post","type-post","status-publish","format-standard","has-post-thumbnail","hentry","category-destaque"],"amp_enabled":true,"_links":{"self":[{"href":"https:\/\/www2.comunitaria.com.br\/en\/wp-json\/wp\/v2\/posts\/58616","targetHints":{"allow":["GET"]}}],"collection":[{"href":"https:\/\/www2.comunitaria.com.br\/en\/wp-json\/wp\/v2\/posts"}],"about":[{"href":"https:\/\/www2.comunitaria.com.br\/en\/wp-json\/wp\/v2\/types\/post"}],"author":[{"embeddable":true,"href":"https:\/\/www2.comunitaria.com.br\/en\/wp-json\/wp\/v2\/users\/2"}],"replies":[{"embeddable":true,"href":"https:\/\/www2.comunitaria.com.br\/en\/wp-json\/wp\/v2\/comments?post=58616"}],"version-history":[{"count":0,"href":"https:\/\/www2.comunitaria.com.br\/en\/wp-json\/wp\/v2\/posts\/58616\/revisions"}],"wp:featuredmedia":[{"embeddable":true,"href":"https:\/\/www2.comunitaria.com.br\/en\/wp-json\/wp\/v2\/media\/58618"}],"wp:attachment":[{"href":"https:\/\/www2.comunitaria.com.br\/en\/wp-json\/wp\/v2\/media?parent=58616"}],"wp:term":[{"taxonomy":"category","embeddable":true,"href":"https:\/\/www2.comunitaria.com.br\/en\/wp-json\/wp\/v2\/categories?post=58616"},{"taxonomy":"post_tag","embeddable":true,"href":"https:\/\/www2.comunitaria.com.br\/en\/wp-json\/wp\/v2\/tags?post=58616"}],"curies":[{"name":"wp","href":"https:\/\/api.w.org\/{rel}","templated":true}]}}