{"id":58553,"date":"2023-05-31T09:41:03","date_gmt":"2023-05-31T11:41:03","guid":{"rendered":"http:\/\/www2.comunitaria.com.br\/?p=58553"},"modified":"2023-05-31T09:41:03","modified_gmt":"2023-05-31T11:41:03","slug":"sob-protestos-dos-povos-originarios-camara-aprova-pl-do-marco-temporal","status":"publish","type":"post","link":"https:\/\/www2.comunitaria.com.br\/en\/sob-protestos-dos-povos-originarios-camara-aprova-pl-do-marco-temporal\/","title":{"rendered":"Sob protestos dos povos origin\u00e1rios, C\u00e2mara aprova PL do Marco Temporal"},"content":{"rendered":"<p style=\"text-align: justify;\">A C\u00e2mara Federal aprovou na noite desta ter\u00e7a-feira (30) o Projeto de Lei 490\/07, conhecido como&nbsp;<a href=\"https:\/\/www.brasildefato.com.br\/2023\/05\/30\/pl-490-se-virar-lei-marco-temporal-dara-a-invasores-direito-sobre-as-terras-indigenas\" target=\"_blank\" rel=\"noopener\">PL do Marco Temporal<\/a>. O texto prev\u00ea a aplica\u00e7\u00e3o da tese marco temporal na demarca\u00e7\u00e3o de terras ind\u00edgenas. O placar foi de 283 a 155. Apenas&nbsp;PT, PSOL, PCdoB e Rede votaram contra o projeto. Nenhum dos destaques colocados pelos deputados defensores dos ind\u00edgenas foi aprovado.<\/p>\n<p style=\"text-align: justify;\">A aprova\u00e7\u00e3o significa que novas terras s\u00f3 podem ser demarcadas se ocupadas por povos ind\u00edgenas na data da promulga\u00e7\u00e3o da Constitui\u00e7\u00e3o de 1988.<\/p>\n<p style=\"text-align: justify;\">A deputada C\u00e9lia Xakriab\u00e1 discursou em nome da bancada do cocar, pintando o rosto de urucum. &#8220;O Brasil come\u00e7a por n\u00f3s, mas se aprovado o PL 490, o Brasil que come\u00e7a por n\u00f3s vai ser enterrado no Congresso Nacional&#8221;, declarou.<\/p>\n<p style=\"text-align: justify;\">O Conselho Indigenista Mission\u00e1rio (Cimi) diz que 60% das 1,4 mil terras ind\u00edgenas brasileiras n\u00e3o s\u00e3o regularizadas. Quase 600 n\u00e3o tiveram sequer o processo de demarca\u00e7\u00e3o iniciado. Se virar lei, o marco temporal ser\u00e1 o principal argumento de fazendeiros e grandes empresas para questionar as demarca\u00e7\u00f5es ainda n\u00e3o conclu\u00eddas.&nbsp;<\/p>\n<p style=\"text-align: justify;\">Al\u00e9m de demarca\u00e7\u00f5es paralisadas, h\u00e1 o receio de que demarca\u00e7\u00f5es j\u00e1 realizadas sejam revistas.<\/p>\n<p style=\"text-align: justify;\">Ap\u00f3s a aprova\u00e7\u00e3o, o&nbsp;porta-voz de Amaz\u00f4nia do Greenpeace Brasil, Danicley de Aguiar afirmou que a aprova\u00e7\u00e3o do projeto \u00e9 um &#8220;atraso&#8221;. &#8220;A aprova\u00e7\u00e3o do PL 490&nbsp;coroa os esfor\u00e7os da bancada ruralista para relativizar os direitos ind\u00edgenas e for\u00e7ar a abertura dos territ\u00f3rios tradicionais ao agroneg\u00f3cio e a outras atividades econ\u00f4micas incapazes de conviver com a floresta; ignorando o desejo de repara\u00e7\u00e3o hist\u00f3rica aos povos origin\u00e1rios expresso pela sociedade brasileira nos Artigos 231 e 232 da Constitui\u00e7\u00e3o de 1988. Em pleno s\u00e9culo 21, n\u00e3o podemos tolerar que um punhado de deputados comprometidos com o atraso, sigam trabalhando para reverter a vontade da maioria dos brasileiros. A bancada ruralista precisa entender que todo ataque aos direitos ind\u00edgenas \u00e9 um ataque contra a democracia&#8221;, disse.<\/p>\n<p style=\"text-align: justify;\">&nbsp;<\/p>\n<p style=\"text-align: justify;\">Em nota, o Observat\u00f3rio do Clima lamentou a decis\u00e3o do Congresso. &#8220;Agora, a C\u00e2mara dos Deputados d\u00e1 um recado claro ao pa\u00eds e ao mundo: Bolsonaro se foi, mas o exterm\u00ednio continua. No que depender de Arthur Lira e sua gangue da motosserra, o meio ambiente e os direitos ind\u00edgenas ser\u00e3o varridos do mapa nos pr\u00f3ximos quatro anos. O Senado, agora, tem a obriga\u00e7\u00e3o de reverter os absurdos aprovados pela C\u00e2mara, e o STF precisa analisar com urg\u00eancia o processo do marco temporal.&#8221;<\/p>\n<p style=\"text-align: justify;\">Apesar de ter tido o mandato cassado pelo Tribunal Superior Eleitoral no dia 17 de maio, Deltan Dallagnol (Podemos-PR) participou da sess\u00e3o e teve seu voto computado. Em resposta a quest\u00e3o de ordem levantada pelo deputado Glauber Braga (PSOL-RJ), o quarto secret\u00e1rio da C\u00e2mara, deputado L\u00facio Mosquini (MDB-RO) respondeu que enquanto a mesa n\u00e3o se reunir para &#8220;fazer o quer tem que fazer&#8221;, Deltan seguiria apto a exercer seu mandato.<\/p>\n<p style=\"text-align: justify;\">O projeto agora vai ao Senado. Analistas acreditam que o presidente da Casa, Rodrigo Pacheco, n\u00e3o tem a mesma pressa de Lira para votar o Marco Temporal. A legalidade da proposta ser\u00e1 analisada pelo Supremo Tribunal Federal j\u00e1 no m\u00eas de junho.&nbsp;<\/p>\n<p style=\"text-align: justify;\">&nbsp;<\/p>\n<p style=\"text-align: justify;\">&nbsp;<\/p>\n<p style=\"text-align: justify;\">Com informa\u00e7\u00f5es do Brasil de Fato<\/p>","protected":false},"excerpt":{"rendered":"<p>A C\u00e2mara Federal aprovou na noite desta ter\u00e7a-feira (30) o Projeto de Lei 490\/07, conhecido como&nbsp;PL do Marco Temporal. O texto prev\u00ea a aplica\u00e7\u00e3o da tese marco temporal na demarca\u00e7\u00e3o de terras ind\u00edgenas. O placar foi de 283 a 155. Apenas&nbsp;PT, PSOL, PCdoB e Rede votaram contra o projeto. Nenhum dos destaques colocados pelos deputados<\/p>\n<div class=\"read-more-wrapper\"><a class=\"read-more\" href=\"https:\/\/www2.comunitaria.com.br\/en\/sob-protestos-dos-povos-originarios-camara-aprova-pl-do-marco-temporal\/\" title=\"Read More\"> <span class=\"button\">Read More<\/span><\/a><\/div>","protected":false},"author":2,"featured_media":58555,"comment_status":"open","ping_status":"closed","sticky":false,"template":"","format":"standard","meta":{"ngg_post_thumbnail":0,"footnotes":""},"categories":[28],"tags":[],"class_list":["post-58553","post","type-post","status-publish","format-standard","has-post-thumbnail","hentry","category-destaque"],"amp_enabled":true,"_links":{"self":[{"href":"https:\/\/www2.comunitaria.com.br\/en\/wp-json\/wp\/v2\/posts\/58553","targetHints":{"allow":["GET"]}}],"collection":[{"href":"https:\/\/www2.comunitaria.com.br\/en\/wp-json\/wp\/v2\/posts"}],"about":[{"href":"https:\/\/www2.comunitaria.com.br\/en\/wp-json\/wp\/v2\/types\/post"}],"author":[{"embeddable":true,"href":"https:\/\/www2.comunitaria.com.br\/en\/wp-json\/wp\/v2\/users\/2"}],"replies":[{"embeddable":true,"href":"https:\/\/www2.comunitaria.com.br\/en\/wp-json\/wp\/v2\/comments?post=58553"}],"version-history":[{"count":0,"href":"https:\/\/www2.comunitaria.com.br\/en\/wp-json\/wp\/v2\/posts\/58553\/revisions"}],"wp:featuredmedia":[{"embeddable":true,"href":"https:\/\/www2.comunitaria.com.br\/en\/wp-json\/wp\/v2\/media\/58555"}],"wp:attachment":[{"href":"https:\/\/www2.comunitaria.com.br\/en\/wp-json\/wp\/v2\/media?parent=58553"}],"wp:term":[{"taxonomy":"category","embeddable":true,"href":"https:\/\/www2.comunitaria.com.br\/en\/wp-json\/wp\/v2\/categories?post=58553"},{"taxonomy":"post_tag","embeddable":true,"href":"https:\/\/www2.comunitaria.com.br\/en\/wp-json\/wp\/v2\/tags?post=58553"}],"curies":[{"name":"wp","href":"https:\/\/api.w.org\/{rel}","templated":true}]}}