{"id":58336,"date":"2023-05-11T16:30:08","date_gmt":"2023-05-11T18:30:08","guid":{"rendered":"http:\/\/www2.comunitaria.com.br\/?p=58336"},"modified":"2023-05-11T16:30:08","modified_gmt":"2023-05-11T18:30:08","slug":"artistas-de-fw-e-regiao-podem-concorrer-a-mais-de-r13-mil-em-premios-no-festival-atena","status":"publish","type":"post","link":"https:\/\/www2.comunitaria.com.br\/en\/artistas-de-fw-e-regiao-podem-concorrer-a-mais-de-r13-mil-em-premios-no-festival-atena\/","title":{"rendered":"Artistas de FW e regi\u00e3o podem concorrer a mais de R$13 mil em pr\u00eamios no  Festival Atena"},"content":{"rendered":"<p style=\"text-align: justify;\">O Festival Atena chegou \u00e0 sua edi\u00e7\u00e3o comemorativa de 10 anos com 10 dias de programa\u00e7\u00e3o entre 30 de junho e 09 de julho, na URI em Frederico Westphalen, e os artistas participantes poder\u00e3o concorrer a pr\u00eamios &#8211; que somados ultrapassam R$13.000 &#8211; se optarem pelas categorias competitivas de M\u00fasica e Dan\u00e7a. Os artistas de toda a regi\u00e3o e estado est\u00e3o convidados a participar e se inscrever gratuitamente nos segmentos de M\u00fasica, Dan\u00e7a, Circo e Teatro, at\u00e9 o dia 21 de maio, sendo feitas exclusivamente atrav\u00e9s de formul\u00e1rio online dispon\u00edvel no link do perfil do Instagram @festivalatena ou atrav\u00e9s de solicita\u00e7\u00e3o aos contatos de email festivalatena@gmail.com e de Whatsapp (55) 99663- 9486.<\/p>\n<p style=\"text-align: justify;\">Os artistas podem se inscrever nas mostras n\u00e3o-competitivas nos segmentos de M\u00fasica, Dan\u00e7a, Circo e Teatro, nas modalidades Infantil (06 a 11 anos), Juvenil (12 a 17 anos) e Adulto (a partir de 18 anos) e formatos Solo, Duo ou Trio, e Grupo. J\u00e1 os espet\u00e1culos de car\u00e1ter competitivo &#8211; onde haver\u00e1 entrega de premia\u00e7\u00e3o &#8211; ser\u00e3o para os segmentos de M\u00fasica e Dan\u00e7a nas modalidades Juvenil e Adulto, desde que os espet\u00e1culos ou composi\u00e7\u00f5es sejam autorais. A organiza\u00e7\u00e3o orienta que todos os artistas interessados leiam o Regulamento do Festival que est\u00e1 dispon\u00edvel em todos os canais de comunica\u00e7\u00e3o do Festival Atena. A respeito dos demais segmentos que s\u00e3o tradicionais na hist\u00f3ria do festival como fotografia, pintura, desenho, cinema, literatura e artesanato, a organiza\u00e7\u00e3o comunicou que est\u00e1 sendo avaliada a possibilidade de implementa\u00e7\u00e3o e mais informa\u00e7\u00f5es ser\u00e3o divulgadas adiante.<\/p>\n<p style=\"text-align: justify;\">\nO projeto 10\u00ba Festival Atena &#8211; Edi\u00e7\u00e3o Comemorativa est\u00e1 sendo realizado com recursos do PR\u00d3-CULTURA RS FAC &#8211; Fundo de Apoio \u00e0 Cultura, do Governo do Estado do Rio Grande do Sul e conta com o apoio da Administra\u00e7\u00e3o Municipal de Frederico Westphalen, C\u00e2mara de Vereadores de FW, SESC, Sicredi Conex\u00e3o, Tch\u00ea Turbo, UFSM\/FW e URI\/FW. A programa\u00e7\u00e3o de espet\u00e1culos, shows e demais atra\u00e7\u00f5es ser\u00e1 divulgada em breve.<\/p>\n<p>&nbsp;<\/p>\n<p>Com informa\u00e7\u00f5es da Ascom da ACA.<\/p>","protected":false},"excerpt":{"rendered":"<p>O Festival Atena chegou \u00e0 sua edi\u00e7\u00e3o comemorativa de 10 anos com 10 dias de programa\u00e7\u00e3o entre 30 de junho e 09 de julho, na URI em Frederico Westphalen, e os artistas participantes poder\u00e3o concorrer a pr\u00eamios &#8211; que somados ultrapassam R$13.000 &#8211; se optarem pelas categorias competitivas de M\u00fasica e Dan\u00e7a. Os artistas de<\/p>\n<div class=\"read-more-wrapper\"><a class=\"read-more\" href=\"https:\/\/www2.comunitaria.com.br\/en\/artistas-de-fw-e-regiao-podem-concorrer-a-mais-de-r13-mil-em-premios-no-festival-atena\/\" title=\"Read More\"> <span class=\"button\">Read More<\/span><\/a><\/div>","protected":false},"author":2,"featured_media":58338,"comment_status":"open","ping_status":"closed","sticky":false,"template":"","format":"standard","meta":{"ngg_post_thumbnail":0,"footnotes":""},"categories":[42,28],"tags":[],"class_list":["post-58336","post","type-post","status-publish","format-standard","has-post-thumbnail","hentry","category-fred-west","category-destaque"],"amp_enabled":true,"_links":{"self":[{"href":"https:\/\/www2.comunitaria.com.br\/en\/wp-json\/wp\/v2\/posts\/58336","targetHints":{"allow":["GET"]}}],"collection":[{"href":"https:\/\/www2.comunitaria.com.br\/en\/wp-json\/wp\/v2\/posts"}],"about":[{"href":"https:\/\/www2.comunitaria.com.br\/en\/wp-json\/wp\/v2\/types\/post"}],"author":[{"embeddable":true,"href":"https:\/\/www2.comunitaria.com.br\/en\/wp-json\/wp\/v2\/users\/2"}],"replies":[{"embeddable":true,"href":"https:\/\/www2.comunitaria.com.br\/en\/wp-json\/wp\/v2\/comments?post=58336"}],"version-history":[{"count":0,"href":"https:\/\/www2.comunitaria.com.br\/en\/wp-json\/wp\/v2\/posts\/58336\/revisions"}],"wp:featuredmedia":[{"embeddable":true,"href":"https:\/\/www2.comunitaria.com.br\/en\/wp-json\/wp\/v2\/media\/58338"}],"wp:attachment":[{"href":"https:\/\/www2.comunitaria.com.br\/en\/wp-json\/wp\/v2\/media?parent=58336"}],"wp:term":[{"taxonomy":"category","embeddable":true,"href":"https:\/\/www2.comunitaria.com.br\/en\/wp-json\/wp\/v2\/categories?post=58336"},{"taxonomy":"post_tag","embeddable":true,"href":"https:\/\/www2.comunitaria.com.br\/en\/wp-json\/wp\/v2\/tags?post=58336"}],"curies":[{"name":"wp","href":"https:\/\/api.w.org\/{rel}","templated":true}]}}