{"id":58311,"date":"2023-05-09T12:47:24","date_gmt":"2023-05-09T14:47:24","guid":{"rendered":"http:\/\/www2.comunitaria.com.br\/?p=58311"},"modified":"2023-05-09T12:47:24","modified_gmt":"2023-05-09T14:47:24","slug":"elenco-do-gurias-do-yucuma-esta-com-vagas-abertas","status":"publish","type":"post","link":"https:\/\/www2.comunitaria.com.br\/en\/elenco-do-gurias-do-yucuma-esta-com-vagas-abertas\/","title":{"rendered":"Elenco do Gurias do Yucum\u00e3 est\u00e1 com vagas abertas"},"content":{"rendered":"<p style=\"text-align: justify;\">A categoria sub-15 das Gurias do Yucum\u00e3 est\u00e1 com vagas abertas para a disputa do Gauch\u00e3o sub-15. Recentemente, o clube realizou uma seletiva em que contou com a aprova\u00e7\u00e3o de oito atletas, no entanto, restam vagas para o preenchimento do plantel de atletas.<br \/>\nO diretor do clube, Ildo Scapini, ressalta que esta \u00e9 uma oportunidade para a toda a regi\u00e3o.&nbsp;Al\u00e9m da categoria sub-15, as Gurias do Yucum\u00e3 tamb\u00e9m v\u00e3o disputar o Campeonato pelas categorias sub-17 e profissional, al\u00e9m de marcar presen\u00e7a na Copa Dalponte.<br \/>\nPara participar desta categoria, as jogadoras devem ter nascidas entre o ano de 2008 e 2010. \u201cEstamos trabalhando muito para chegar ao n\u00famero m\u00ednimo de atletas para o Gauch\u00e3o e dar continuidade ao trabalho que estamos fazendo\u201d, destaca Scapini.&nbsp;Mais informa\u00e7\u00f5es podem ser obtidas no telefone: (55) 9-9181-1846.<\/p>\n<p style=\"text-align: justify;\">&nbsp;<\/p>\n<p style=\"text-align: justify;\">Com informa\u00e7\u00f5es da Ascom do Gurias do Yucum\u00e3<\/p>","protected":false},"excerpt":{"rendered":"<p>A categoria sub-15 das Gurias do Yucum\u00e3 est\u00e1 com vagas abertas para a disputa do Gauch\u00e3o sub-15. Recentemente, o clube realizou uma seletiva em que contou com a aprova\u00e7\u00e3o de oito atletas, no entanto, restam vagas para o preenchimento do plantel de atletas. O diretor do clube, Ildo Scapini, ressalta que esta \u00e9 uma oportunidade<\/p>\n<div class=\"read-more-wrapper\"><a class=\"read-more\" href=\"https:\/\/www2.comunitaria.com.br\/en\/elenco-do-gurias-do-yucuma-esta-com-vagas-abertas\/\" title=\"Read More\"> <span class=\"button\">Read More<\/span><\/a><\/div>","protected":false},"author":2,"featured_media":58313,"comment_status":"open","ping_status":"closed","sticky":false,"template":"","format":"standard","meta":{"ngg_post_thumbnail":0,"footnotes":""},"categories":[28],"tags":[],"class_list":["post-58311","post","type-post","status-publish","format-standard","has-post-thumbnail","hentry","category-destaque"],"amp_enabled":true,"_links":{"self":[{"href":"https:\/\/www2.comunitaria.com.br\/en\/wp-json\/wp\/v2\/posts\/58311","targetHints":{"allow":["GET"]}}],"collection":[{"href":"https:\/\/www2.comunitaria.com.br\/en\/wp-json\/wp\/v2\/posts"}],"about":[{"href":"https:\/\/www2.comunitaria.com.br\/en\/wp-json\/wp\/v2\/types\/post"}],"author":[{"embeddable":true,"href":"https:\/\/www2.comunitaria.com.br\/en\/wp-json\/wp\/v2\/users\/2"}],"replies":[{"embeddable":true,"href":"https:\/\/www2.comunitaria.com.br\/en\/wp-json\/wp\/v2\/comments?post=58311"}],"version-history":[{"count":0,"href":"https:\/\/www2.comunitaria.com.br\/en\/wp-json\/wp\/v2\/posts\/58311\/revisions"}],"wp:featuredmedia":[{"embeddable":true,"href":"https:\/\/www2.comunitaria.com.br\/en\/wp-json\/wp\/v2\/media\/58313"}],"wp:attachment":[{"href":"https:\/\/www2.comunitaria.com.br\/en\/wp-json\/wp\/v2\/media?parent=58311"}],"wp:term":[{"taxonomy":"category","embeddable":true,"href":"https:\/\/www2.comunitaria.com.br\/en\/wp-json\/wp\/v2\/categories?post=58311"},{"taxonomy":"post_tag","embeddable":true,"href":"https:\/\/www2.comunitaria.com.br\/en\/wp-json\/wp\/v2\/tags?post=58311"}],"curies":[{"name":"wp","href":"https:\/\/api.w.org\/{rel}","templated":true}]}}