{"id":58135,"date":"2023-04-19T10:50:01","date_gmt":"2023-04-19T12:50:01","guid":{"rendered":"http:\/\/www2.comunitaria.com.br\/?p=58135"},"modified":"2023-04-19T10:50:01","modified_gmt":"2023-04-19T12:50:01","slug":"20a-coordenadoria-regional-de-educacao-recebe-veiculo-novo","status":"publish","type":"post","link":"https:\/\/www2.comunitaria.com.br\/en\/20a-coordenadoria-regional-de-educacao-recebe-veiculo-novo\/","title":{"rendered":"20\u00aa Coordenadoria Regional de Educa\u00e7\u00e3o recebe ve\u00edculo novo"},"content":{"rendered":"<p style=\"text-align: justify;\">A 20\u00aa Coordenadora Regional de Educa\u00e7\u00e3o recebeu na segunda-feira, 17 de abril, um ve\u00edculo novo para qualificar e otimizar os servi\u00e7os na \u00e1rea da educa\u00e7\u00e3o. O fato ocorreu no estacionamento em frente \u00e0 Funda\u00e7\u00e3o de Atendimento Socioeducativo do RS (Fase), em Porto Alegre.<\/p>\n<p style=\"text-align: justify;\">A coordenadora regional, Jogelci do Carmo, recebeu as chaves do ve\u00edculo das m\u00e3os do Governador do Rio Grande do Sul, Eduardo Leite, e da Secret\u00e1ria Estadual de Educa\u00e7\u00e3o, Raquel Teixeira. Trata-se de um autom\u00f3vel Chevrolet Spin modelo 2023 para uso geral que ir\u00e1 aproximar ainda mais a coordenadoria das 80 institui\u00e7\u00f5es de ensino de abrang\u00eancia da regional, al\u00e9m de qualificar e agilizar o atendimento realizado nas escolas.<\/p>\n<p style=\"text-align: justify;\">J\u00e1 na ter\u00e7a-feira, 18, o ve\u00edculo foi recebido pela Coordenadora da regional e sua equipe, na sede da coordenadoria, em Palmeira das Miss\u00f5es. Para a coordenadora, investimentos como esse s\u00e3o essenciais para as atividades da coordenadoria. \u201cCom a chegada de mais um ve\u00edculo, nosso objetivo \u00e9 estar mais perto da nossa comunidade escolar e atender ainda melhor as nossas institui\u00e7\u00f5es de ensino, garantindo qualidade e agilidade aos trabalhos realizados nas escolas\u201d, destacou.<\/p>\n<p style=\"text-align: justify;\">Os ve\u00edculos foram adquiridos com recursos do Programa Avan\u00e7ar na Seguran\u00e7a, do Programa de Incentivo ao Aparelhamento da Seguran\u00e7a P\u00fablica (Piseg) e de emendas parlamentares, al\u00e9m de conv\u00eanios com os minist\u00e9rios da Justi\u00e7a e da Seguran\u00e7a P\u00fablica (MJSP) e das Mulheres, e a empresa de telefonia Oi S.A. Ainda, no m\u00eas de fevereiro, a 20\u00aa CRE j\u00e1 havia recebido outro ve\u00edculo, uma caminhonete Chevrolet S10. Ao todo, desde o in\u00edcio do ano, 41 carros foram para entregues para as coordenadorias regionais, totalizando um investimento de R$ 1,2 milh\u00e3o.<\/p>\n<p style=\"text-align: justify;\">A 20\u00aa Coordenadoria Regional de Educa\u00e7\u00e3o abrange 28 munic\u00edpios da regi\u00e3o, com 80 escolas e mais de 18 mil estudantes.<\/p>\n<p>Com informa\u00e7\u00f5es da Ascom da 20\u00aa Coordenadoria Regional da Educa\u00e7\u00e3o<\/p>","protected":false},"excerpt":{"rendered":"<p>A 20\u00aa Coordenadora Regional de Educa\u00e7\u00e3o recebeu na segunda-feira, 17 de abril, um ve\u00edculo novo para qualificar e otimizar os servi\u00e7os na \u00e1rea da educa\u00e7\u00e3o. O fato ocorreu no estacionamento em frente \u00e0 Funda\u00e7\u00e3o de Atendimento Socioeducativo do RS (Fase), em Porto Alegre. A coordenadora regional, Jogelci do Carmo, recebeu as chaves do ve\u00edculo das<\/p>\n<div class=\"read-more-wrapper\"><a class=\"read-more\" href=\"https:\/\/www2.comunitaria.com.br\/en\/20a-coordenadoria-regional-de-educacao-recebe-veiculo-novo\/\" title=\"Read More\"> <span class=\"button\">Read More<\/span><\/a><\/div>","protected":false},"author":2,"featured_media":58137,"comment_status":"open","ping_status":"closed","sticky":false,"template":"","format":"standard","meta":{"ngg_post_thumbnail":0,"footnotes":""},"categories":[44,28],"tags":[],"class_list":["post-58135","post","type-post","status-publish","format-standard","has-post-thumbnail","hentry","category-educacao","category-destaque"],"amp_enabled":true,"_links":{"self":[{"href":"https:\/\/www2.comunitaria.com.br\/en\/wp-json\/wp\/v2\/posts\/58135","targetHints":{"allow":["GET"]}}],"collection":[{"href":"https:\/\/www2.comunitaria.com.br\/en\/wp-json\/wp\/v2\/posts"}],"about":[{"href":"https:\/\/www2.comunitaria.com.br\/en\/wp-json\/wp\/v2\/types\/post"}],"author":[{"embeddable":true,"href":"https:\/\/www2.comunitaria.com.br\/en\/wp-json\/wp\/v2\/users\/2"}],"replies":[{"embeddable":true,"href":"https:\/\/www2.comunitaria.com.br\/en\/wp-json\/wp\/v2\/comments?post=58135"}],"version-history":[{"count":0,"href":"https:\/\/www2.comunitaria.com.br\/en\/wp-json\/wp\/v2\/posts\/58135\/revisions"}],"wp:featuredmedia":[{"embeddable":true,"href":"https:\/\/www2.comunitaria.com.br\/en\/wp-json\/wp\/v2\/media\/58137"}],"wp:attachment":[{"href":"https:\/\/www2.comunitaria.com.br\/en\/wp-json\/wp\/v2\/media?parent=58135"}],"wp:term":[{"taxonomy":"category","embeddable":true,"href":"https:\/\/www2.comunitaria.com.br\/en\/wp-json\/wp\/v2\/categories?post=58135"},{"taxonomy":"post_tag","embeddable":true,"href":"https:\/\/www2.comunitaria.com.br\/en\/wp-json\/wp\/v2\/tags?post=58135"}],"curies":[{"name":"wp","href":"https:\/\/api.w.org\/{rel}","templated":true}]}}