{"id":58112,"date":"2023-04-18T09:04:03","date_gmt":"2023-04-18T11:04:03","guid":{"rendered":"http:\/\/www2.comunitaria.com.br\/?p=58112"},"modified":"2023-04-18T09:04:03","modified_gmt":"2023-04-18T11:04:03","slug":"governador-gaucho-apresenta-a-deputados-estaduais-um-conjunto-de-propostas-para-salvar-o-ipe-saude","status":"publish","type":"post","link":"https:\/\/www2.comunitaria.com.br\/en\/governador-gaucho-apresenta-a-deputados-estaduais-um-conjunto-de-propostas-para-salvar-o-ipe-saude\/","title":{"rendered":"Governador ga\u00facho apresenta a deputados estaduais um conjunto de propostas para salvar o IPE-Sa\u00fade"},"content":{"rendered":"<p style=\"text-align: justify;\">O governador ga\u00facho Eduardo Leite apresentou a deputados estaduais, na noite de ontem, segunda-feira (17), um conjunto de propostas para reestrutura\u00e7\u00e3o do plano de sa\u00fade dos servidores estaduais. Com foco em aspectos como realiza\u00e7\u00e3o de auditoria, ajuste das despesas e revis\u00e3o do modelo de sustentabilidade, a iniciativa tem por objetivo promover o reequil\u00edbrio financeiro e a melhoria dos servi\u00e7os prestados pelo IPE Sa\u00fade.<\/p>\n<p style=\"text-align: justify;\">O Executivo pretende refor\u00e7ar a capacidade da institui\u00e7\u00e3o para realizar auditorias, a partir da contrata\u00e7\u00e3o de profissionais especializados, uso de tecnologia e redimensionamento da rede de credenciados, entre outras medidas.<\/p>\n<p style=\"text-align: justify;\">Para equalizar o passivo de R$ 250 milh\u00f5es da institui\u00e7\u00e3o, montante em redu\u00e7\u00e3o nos \u00faltimos anos, a proposta \u00e9 de ampliar a negocia\u00e7\u00e3o dos cr\u00e9ditos a receber do IPE Sa\u00fade junto ao Estado.<\/p>\n<p style=\"text-align: justify;\">No que se refere ao ajuste das despesas, a ideia \u00e9 implantar novas tabelas de remunera\u00e7\u00e3o para os profissionais de sa\u00fade e institui\u00e7\u00f5es credenciadas, o que qualificar\u00e1 o atendimento aos segurados. Consultas m\u00e9dicas, visitas hospitalares e procedimentos m\u00e9dicos receber\u00e3o reajuste.<\/p>\n<p style=\"text-align: justify;\">Conforme Eduardo Leite, o financiamento do IPE Sa\u00fade representa o mais importante eixo da proposta. O modelo apresentado tem como premissas n\u00e3o sobrecarregar os titulares do plano e manter o princ\u00edpio da paridade entre Estado e servidores estaduais. Para isso, prev\u00ea o aumento da contribui\u00e7\u00e3o patronal e do valor pago pelo segurado, al\u00e9m da contribui\u00e7\u00e3o de dependentes e da considera\u00e7\u00e3o da faixa et\u00e1ria dos segurados como elemento limitador para as mensalidades.<\/p>\n<p style=\"text-align: justify;\">Pela proposta defendida, a al\u00edquota dos titulares subir\u00e1 para 3,6% (atualmente \u00e9 de 3,1%), retomando assim um \u00edndice aplicado at\u00e9 o ano de 2004. A al\u00edquota do Estado tamb\u00e9m aumentaria para o mesmo patamar. Os valores para os segurados n\u00e3o poderiam exceder o que determina a Tabela de Refer\u00eancia de Mensalidade (TRM) do IPE Sa\u00fade. Ou seja, o segurado pagaria sempre o que for menor: ou o valor previsto na tabela ou montante extra\u00eddo do c\u00e1lculo percentual com base no sal\u00e1rio.<\/p>\n<p style=\"text-align: justify;\">Em rela\u00e7\u00e3o \u00e0 cobran\u00e7a de dependentes, seria estipulado um percentual a partir do valor de refer\u00eancia do titular do plano, conforme a idade do dependente. Os valores cobrados ficariam abaixo da m\u00e9dia praticada pelo mercado, conforme a Ag\u00eancia Nacional de Sa\u00fade Suplementar (ANS). Al\u00e9m disso, a coparticipa\u00e7\u00e3o em exames e consultas passaria de 40% a 50%. As tabelas podem ser conferidas no site <a href=\"https:\/\/estado.rs.gov.br\/inicial\">estado.rs.gov.br<\/a>.<\/p>\n<p style=\"text-align: justify;\"><strong>T\u00f3picos ser\u00e3o discutidos<\/strong><\/p>\n<p style=\"text-align: justify;\">\u201cEntendemos que, a partir desses conceitos, em sintonia com a l\u00f3gica de cobran\u00e7a dos sistemas de assist\u00eancia \u00e0 sa\u00fade em outros Estados, o reajuste financeiro significar\u00e1 uma melhoria na qualidade de atendimento aos segurados\u201d, sublinhou o governador aos parlamentares, reunidos no Pal\u00e1cio Piratini.<\/p>\n<p style=\"text-align: justify;\">Ele acrescentou: \u201cEssa \u00e9 uma primeira proposta, que contempla o necess\u00e1rio. A partir de agora, vamos receber sugest\u00f5es dos deputados para que a proposta original possa ser melhorada e tenhamos condi\u00e7\u00f5es de oferecer um plano de sa\u00fade moderno e sustent\u00e1vel para os nossos servidores e dependentes\u201d.<\/p>\n<p>Com informa\u00e7\u00f5es do Jornal O Sul.&nbsp;<\/p>\n<p style=\"text-align: justify;\">&nbsp;<\/p>\n<p style=\"text-align: justify;\">&nbsp;<\/p>\n<p style=\"text-align: justify;\">&nbsp;<\/p>\n<p style=\"text-align: justify;\">&nbsp;<\/p>\n<p style=\"text-align: justify;\">&nbsp;<\/p>\n<p style=\"text-align: justify;\">&nbsp;<\/p>\n<p style=\"text-align: justify;\">&nbsp;<\/p>\n<p style=\"text-align: justify;\">&nbsp;<\/p>\n<p style=\"text-align: justify;\">&nbsp;<\/p>\n<p style=\"text-align: justify;\">&nbsp;<\/p>\n<p style=\"text-align: justify;\">&nbsp;<\/p>\n<p style=\"text-align: justify;\">&nbsp;<\/p>\n<p style=\"text-align: justify;\">&nbsp;<\/p>\n<p style=\"text-align: justify;\">&nbsp;<\/p>\n<p style=\"text-align: justify;\">&nbsp;<\/p>\n<p style=\"text-align: justify;\">&nbsp;<\/p>\n<p style=\"text-align: justify;\">&nbsp;<\/p>\n<p style=\"text-align: justify;\">&nbsp;<\/p>\n<p style=\"text-align: justify;\">&nbsp;<\/p>\n<p style=\"text-align: justify;\">&nbsp;<\/p>","protected":false},"excerpt":{"rendered":"<p>O governador ga\u00facho Eduardo Leite apresentou a deputados estaduais, na noite de ontem, segunda-feira (17), um conjunto de propostas para reestrutura\u00e7\u00e3o do plano de sa\u00fade dos servidores estaduais. Com foco&#8230;<\/p>","protected":false},"author":2,"featured_media":58114,"comment_status":"open","ping_status":"closed","sticky":false,"template":"","format":"standard","meta":{"ngg_post_thumbnail":0,"footnotes":""},"categories":[46,37],"tags":[],"class_list":["post-58112","post","type-post","status-publish","format-standard","has-post-thumbnail","hentry","category-estado","category-saude"],"amp_enabled":true,"_links":{"self":[{"href":"https:\/\/www2.comunitaria.com.br\/en\/wp-json\/wp\/v2\/posts\/58112","targetHints":{"allow":["GET"]}}],"collection":[{"href":"https:\/\/www2.comunitaria.com.br\/en\/wp-json\/wp\/v2\/posts"}],"about":[{"href":"https:\/\/www2.comunitaria.com.br\/en\/wp-json\/wp\/v2\/types\/post"}],"author":[{"embeddable":true,"href":"https:\/\/www2.comunitaria.com.br\/en\/wp-json\/wp\/v2\/users\/2"}],"replies":[{"embeddable":true,"href":"https:\/\/www2.comunitaria.com.br\/en\/wp-json\/wp\/v2\/comments?post=58112"}],"version-history":[{"count":0,"href":"https:\/\/www2.comunitaria.com.br\/en\/wp-json\/wp\/v2\/posts\/58112\/revisions"}],"wp:featuredmedia":[{"embeddable":true,"href":"https:\/\/www2.comunitaria.com.br\/en\/wp-json\/wp\/v2\/media\/58114"}],"wp:attachment":[{"href":"https:\/\/www2.comunitaria.com.br\/en\/wp-json\/wp\/v2\/media?parent=58112"}],"wp:term":[{"taxonomy":"category","embeddable":true,"href":"https:\/\/www2.comunitaria.com.br\/en\/wp-json\/wp\/v2\/categories?post=58112"},{"taxonomy":"post_tag","embeddable":true,"href":"https:\/\/www2.comunitaria.com.br\/en\/wp-json\/wp\/v2\/tags?post=58112"}],"curies":[{"name":"wp","href":"https:\/\/api.w.org\/{rel}","templated":true}]}}