{"id":58057,"date":"2023-04-12T08:51:55","date_gmt":"2023-04-12T10:51:55","guid":{"rendered":"http:\/\/www2.comunitaria.com.br\/?p=58057"},"modified":"2023-04-12T08:51:55","modified_gmt":"2023-04-12T10:51:55","slug":"secretaria-de-agricultura-sala-do-empreendedor-e-emater-promovem-curso-para-agroindustrias-do-municipio","status":"publish","type":"post","link":"https:\/\/www2.comunitaria.com.br\/en\/secretaria-de-agricultura-sala-do-empreendedor-e-emater-promovem-curso-para-agroindustrias-do-municipio\/","title":{"rendered":"Secretaria de Agricultura, Sala do Empreendedor e Emater promovem curso para agroind\u00fastrias do munic\u00edpio"},"content":{"rendered":"<p style=\"text-align: justify;\">A Administra\u00e7\u00e3o Municipal, por meio da Secretaria de Agricultura e Sala do Empreendedor, em parceria com a Emater\/RS-Ascar est\u00e1 promovendo durante os dias 11 e 12 de abril, o curso de Boas Pr\u00e1ticas de Fabrica\u00e7\u00e3o para as&nbsp; agroind\u00fastrias do munic\u00edpio. Sempre buscando o melhor para o desenvolvimento das agroind\u00fastrias, o treinamento tem por objetivo capacitar e auxiliar os Respons\u00e1veis T\u00e9cnicos (RT) e colaboradores das agroind\u00fastrias na compreens\u00e3o dos requisitos e regulamentos relacionados \u00e0s boas pr\u00e1ticas de fabrica\u00e7\u00e3o na produ\u00e7\u00e3o de alimentos.<\/p>\n<p style=\"text-align: justify;\">Frederico Westphalen possui quinze agroind\u00fastrias de produtos de origem animal instaladas no munic\u00edpio, fiscalizadas e acompanhadas pelo Servi\u00e7o de Inspe\u00e7\u00e3o Municipal (SIM). O secret\u00e1rio de Agricultura, Gildo Roque Bussatto, ressalta que a Administra\u00e7\u00e3o est\u00e1 sempre atenta as demandas do SIM e das agroind\u00fastrias locais, realizando a\u00e7\u00f5es que fortalecem o desenvolvimento e qualidade das mesmas.<\/p>\n<p style=\"text-align: justify;\">Com informa\u00e7\u00f5es da Ascom da Prefeitura de FW.&nbsp;<\/p>\n<p style=\"text-align: justify;\">&nbsp;<\/p>","protected":false},"excerpt":{"rendered":"<p>A Administra\u00e7\u00e3o Municipal, por meio da Secretaria de Agricultura e Sala do Empreendedor, em parceria com a Emater\/RS-Ascar est\u00e1 promovendo durante os dias 11 e 12 de abril, o curso&#8230;<\/p>","protected":false},"author":2,"featured_media":58059,"comment_status":"open","ping_status":"closed","sticky":false,"template":"","format":"standard","meta":{"ngg_post_thumbnail":0,"footnotes":""},"categories":[28],"tags":[],"class_list":["post-58057","post","type-post","status-publish","format-standard","has-post-thumbnail","hentry","category-destaque"],"amp_enabled":true,"_links":{"self":[{"href":"https:\/\/www2.comunitaria.com.br\/en\/wp-json\/wp\/v2\/posts\/58057","targetHints":{"allow":["GET"]}}],"collection":[{"href":"https:\/\/www2.comunitaria.com.br\/en\/wp-json\/wp\/v2\/posts"}],"about":[{"href":"https:\/\/www2.comunitaria.com.br\/en\/wp-json\/wp\/v2\/types\/post"}],"author":[{"embeddable":true,"href":"https:\/\/www2.comunitaria.com.br\/en\/wp-json\/wp\/v2\/users\/2"}],"replies":[{"embeddable":true,"href":"https:\/\/www2.comunitaria.com.br\/en\/wp-json\/wp\/v2\/comments?post=58057"}],"version-history":[{"count":0,"href":"https:\/\/www2.comunitaria.com.br\/en\/wp-json\/wp\/v2\/posts\/58057\/revisions"}],"wp:featuredmedia":[{"embeddable":true,"href":"https:\/\/www2.comunitaria.com.br\/en\/wp-json\/wp\/v2\/media\/58059"}],"wp:attachment":[{"href":"https:\/\/www2.comunitaria.com.br\/en\/wp-json\/wp\/v2\/media?parent=58057"}],"wp:term":[{"taxonomy":"category","embeddable":true,"href":"https:\/\/www2.comunitaria.com.br\/en\/wp-json\/wp\/v2\/categories?post=58057"},{"taxonomy":"post_tag","embeddable":true,"href":"https:\/\/www2.comunitaria.com.br\/en\/wp-json\/wp\/v2\/tags?post=58057"}],"curies":[{"name":"wp","href":"https:\/\/api.w.org\/{rel}","templated":true}]}}