{"id":58031,"date":"2023-04-09T21:23:49","date_gmt":"2023-04-09T23:23:49","guid":{"rendered":"http:\/\/www2.comunitaria.com.br\/?p=58031"},"modified":"2023-04-09T21:23:49","modified_gmt":"2023-04-09T23:23:49","slug":"agencias-fgtas-sine-oferecem-mais-de-6-mil-vagas-esta-semana-no-rs","status":"publish","type":"post","link":"https:\/\/www2.comunitaria.com.br\/en\/agencias-fgtas-sine-oferecem-mais-de-6-mil-vagas-esta-semana-no-rs\/","title":{"rendered":"Ag\u00eancias FGTAS\/Sine oferecem mais de 6 mil vagas esta semana no RS"},"content":{"rendered":"<p style=\"text-align: justify;\">A partir desta segunda-feira, quem busca um emprego pode disputar uma das 6.550 vagas disponibilizadas pelas Ag\u00eancias FGTAS\/Sine em todo o Rio Grande do Sul. S\u00e3o 5.508 postos de trabalho permanentes, 1.021 tempor\u00e1rios, 11 para est\u00e1gio e 10 para jovem aprendiz. Os setores da ind\u00fastria e servi\u00e7os somam mais da metade das oportunidades permanentes, sendo 35% na ind\u00fastria e 30% em servi\u00e7os. No caso das vagas tempor\u00e1rias, essas \u00e1reas de atua\u00e7\u00e3o se destacam ainda mais: 56% ind\u00fastria e 40% servi\u00e7os.<\/p>\n<p style=\"text-align: justify;\">Dentre as vagas permanentes, 76% n\u00e3o exigem experi\u00eancia. Nenhuma escolaridade \u00e9 exigida em 27,32% destas oportunidades, enquanto 27,14% exigem Ensino M\u00e9dio completo e 22% Fundamental completo. A remunera\u00e7\u00e3o, em 46% dos postos, \u00e9 de 2 a 3 sal\u00e1rios m\u00ednimos e, em 27% deles, varia de 1,5 a 2 sal\u00e1rios m\u00ednimos.&nbsp; Entre as tempor\u00e1rias, 89% n\u00e3o exigem experi\u00eancia. Sobre escolaridade, 63% exigem Ensino Fundamental incompleto. A remunera\u00e7\u00e3o de 25% varia de 2 a 3 sal\u00e1rios m\u00ednimos.<\/p>\n<p style=\"text-align: justify;\">Para est\u00e1gio s\u00e3o 11 vagas abertas e as ocupa\u00e7\u00f5es com&nbsp; maior n\u00famero de oportunidades s\u00e3o pedagogo (3) e auxiliar de escrit\u00f3rio (2). As ag\u00eancias com maior n\u00famero de vagas s\u00e3o Santa Vit\u00f3ria do Palmar (3) e Passo Fundo (2). J\u00e1 para Menor Aprendiz, s\u00e3o 10 vagas abertas, 8 delas nas ag\u00eancias de Erechim (7) e Estrela (1). As ocupa\u00e7\u00f5es com postos em aberto s\u00e3o auxiliar de escrit\u00f3rio (9) e recepcionista (1).<\/p>\n<p style=\"text-align: justify;\">Para se candidatar \u00e0s vagas, os trabalhadores podem comparecer \u00e0 Ag\u00eancia FGTAS\/Sine mais pr\u00f3xima, conforme a rela\u00e7\u00e3o de endere\u00e7os dispon\u00edvel no site fgtas.rs.gov.br\/agencias-fgtas-sine. \u00c9 preciso levar documento de identifica\u00e7\u00e3o com CPF e foto. Ap\u00f3s serem cadastrados no sistema, aqueles que possu\u00edrem perfil profissional compat\u00edvel com as vagas em aberto, receber\u00e3o carta de encaminhamento para participarem dos processos seletivos. Tamb\u00e9m \u00e9 poss\u00edvel retirar a carta de encaminhamento pelo aplicativo Sine F\u00e1cil, dispon\u00edvel para download gratuito no Google Play.<\/p>\n<p style=\"text-align: justify;\">Com informa\u00e7\u00f5es do Correio do Povo.&nbsp;<\/p>","protected":false},"excerpt":{"rendered":"<p>A partir desta segunda-feira, quem busca um emprego pode disputar uma das 6.550 vagas disponibilizadas pelas Ag\u00eancias FGTAS\/Sine em todo o Rio Grande do Sul. S\u00e3o 5.508 postos de trabalho&#8230;<\/p>","protected":false},"author":2,"featured_media":58034,"comment_status":"open","ping_status":"closed","sticky":false,"template":"","format":"standard","meta":{"ngg_post_thumbnail":0,"footnotes":""},"categories":[33],"tags":[],"class_list":["post-58031","post","type-post","status-publish","format-standard","has-post-thumbnail","hentry","category-noticias"],"amp_enabled":true,"_links":{"self":[{"href":"https:\/\/www2.comunitaria.com.br\/en\/wp-json\/wp\/v2\/posts\/58031","targetHints":{"allow":["GET"]}}],"collection":[{"href":"https:\/\/www2.comunitaria.com.br\/en\/wp-json\/wp\/v2\/posts"}],"about":[{"href":"https:\/\/www2.comunitaria.com.br\/en\/wp-json\/wp\/v2\/types\/post"}],"author":[{"embeddable":true,"href":"https:\/\/www2.comunitaria.com.br\/en\/wp-json\/wp\/v2\/users\/2"}],"replies":[{"embeddable":true,"href":"https:\/\/www2.comunitaria.com.br\/en\/wp-json\/wp\/v2\/comments?post=58031"}],"version-history":[{"count":0,"href":"https:\/\/www2.comunitaria.com.br\/en\/wp-json\/wp\/v2\/posts\/58031\/revisions"}],"wp:featuredmedia":[{"embeddable":true,"href":"https:\/\/www2.comunitaria.com.br\/en\/wp-json\/wp\/v2\/media\/58034"}],"wp:attachment":[{"href":"https:\/\/www2.comunitaria.com.br\/en\/wp-json\/wp\/v2\/media?parent=58031"}],"wp:term":[{"taxonomy":"category","embeddable":true,"href":"https:\/\/www2.comunitaria.com.br\/en\/wp-json\/wp\/v2\/categories?post=58031"},{"taxonomy":"post_tag","embeddable":true,"href":"https:\/\/www2.comunitaria.com.br\/en\/wp-json\/wp\/v2\/tags?post=58031"}],"curies":[{"name":"wp","href":"https:\/\/api.w.org\/{rel}","templated":true}]}}