{"id":58005,"date":"2023-04-06T10:24:26","date_gmt":"2023-04-06T12:24:26","guid":{"rendered":"http:\/\/www2.comunitaria.com.br\/?p=58005"},"modified":"2023-04-06T10:24:26","modified_gmt":"2023-04-06T12:24:26","slug":"aprovado-retorno-do-vestibular-e-do-processo-seriado-ufsm","status":"publish","type":"post","link":"https:\/\/www2.comunitaria.com.br\/en\/aprovado-retorno-do-vestibular-e-do-processo-seriado-ufsm\/","title":{"rendered":"Aprovado retorno do vestibular e do processo seriado UFSM"},"content":{"rendered":"<div id=\"chunk-4acf9\">\n<div class=\"mc-column content-text active-extra-styles\" data-block-type=\"unstyled\" data-block-weight=\"62\" data-block-id=\"3\">\n<p class=\"content-text__container\" data-track-category=\"Link no Texto\" data-track-links=\"\">Uma vota\u00e7\u00e3o realizada nesta quarta-feira (5) aprovou o parecer que prev\u00ea o&nbsp;<strong>retorno do concurso vestibular e do processo seriado<\/strong>&nbsp;como modalidade de ingresso na Universidade Federal de&nbsp;<a class=\"\" href=\"https:\/\/g1.globo.com\/rs\/rio-grande-do-sul\/cidade\/santa-maria\/\">Santa Maria<\/a>&nbsp;(<a class=\"\" href=\"https:\/\/g1.globo.com\/educacao\/universidade\/ufsm\/\">UFSM<\/a>), na Regi\u00e3o Central do Rio Grande do Sul. Integrantes do Conselho de Ensino, Pesquisa e Extens\u00e3o (CEPE) rejeitaram um pedido de vistas do Diret\u00f3rio Central dos Estudantes (DCE), contr\u00e1rio \u00e0 medida.<\/p>\n<\/div>\n<\/div>\n<div class=\"wall protected-content\">\n<div id=\"chunk-8ln57\">\n<div class=\"mc-column content-text active-extra-styles\" data-block-type=\"unstyled\" data-block-weight=\"62\" data-block-id=\"4\">\n<p class=\"content-text__container\" data-track-category=\"Link no Texto\" data-track-links=\"\">Com a aprova\u00e7\u00e3o da proposta, as vagas ser\u00e3o distribu\u00eddas entre&nbsp;<strong>30% destinadas ao vestibular<\/strong>,&nbsp;<strong>40% atrav\u00e9s do processo seriado<\/strong>&nbsp;e&nbsp;<strong>30% atrav\u00e9s do SiSU<\/strong>. A mudan\u00e7a ser\u00e1 gradual e, nos pr\u00f3ximos tr\u00eas anos, o ingresso ser\u00e1 feito com 70% das vagas destinadas ao SiSU e com 30% garantidas pelo concurso vestibular. Isto \u00e9, a proposta s\u00f3 entrar\u00e1 em vigor plenamente em 2026.<\/p>\n<div id=\"chunk-cct63\">\n<div class=\"mc-column content-text active-extra-styles\" data-block-type=\"unstyled\" data-block-weight=\"81\" data-block-id=\"7\">\n<p class=\"content-text__container\" data-track-category=\"Link no Texto\" data-track-links=\"\"><span class=\"highlight highlighted\">O DCE defendia a manuten\u00e7\u00e3o do ingresso apenas atrav\u00e9s do Sistema de Sele\u00e7\u00e3o Unificada (SiSU).<\/span>&nbsp;O pedido de vistas feito pela entidade foi reprovado por 32 votos contr\u00e1rios e 23 a favor. O CEPE \u00e9 composto de 55 integrantes \u2013 professores (70%), alunos (15%) e t\u00e9cnicos (15%). Com isso, ficou aprovado o parecer inicial da comiss\u00e3o, que prev\u00ea a volta do concurso vestibular e do processo seriado, que consiste em tr\u00eas provas feitas ao longo do Ensino M\u00e9dio junto a estudantes.<\/p>\n<\/div>\n<\/div>\n<div id=\"chunk-dc849\">\n<div class=\"mc-column content-text active-extra-styles\" data-block-type=\"unstyled\" data-block-weight=\"33\" data-block-id=\"8\">\n<p class=\"content-text__container\" data-track-category=\"Link no Texto\" data-track-links=\"\">&#8220;\u00c9 praticamente fechar as portas da universidade novamente para esses estudantes que v\u00eam de outros cantos do pa\u00eds [&#8230;] e que at\u00e9 o momento tinham essa oportunidade&#8221;, diz Luiz Boneti, coordenador do DCE.<\/p>\n<\/div>\n<\/div>\n<\/div>\n<\/div>\n<\/div>","protected":false},"excerpt":{"rendered":"<p>Uma vota\u00e7\u00e3o realizada nesta quarta-feira (5) aprovou o parecer que prev\u00ea o&nbsp;retorno do concurso vestibular e do processo seriado&nbsp;como modalidade de ingresso na Universidade Federal de&nbsp;Santa Maria&nbsp;(UFSM), na Regi\u00e3o Central do Rio Grande do Sul. Integrantes do Conselho de Ensino, Pesquisa e Extens\u00e3o (CEPE) rejeitaram um pedido de vistas do Diret\u00f3rio Central dos Estudantes (DCE),<\/p>\n<div class=\"read-more-wrapper\"><a class=\"read-more\" href=\"https:\/\/www2.comunitaria.com.br\/en\/aprovado-retorno-do-vestibular-e-do-processo-seriado-ufsm\/\" title=\"Read More\"> <span class=\"button\">Read More<\/span><\/a><\/div>","protected":false},"author":2,"featured_media":58007,"comment_status":"open","ping_status":"closed","sticky":false,"template":"","format":"standard","meta":{"ngg_post_thumbnail":0,"footnotes":""},"categories":[28],"tags":[],"class_list":["post-58005","post","type-post","status-publish","format-standard","has-post-thumbnail","hentry","category-destaque"],"amp_enabled":true,"_links":{"self":[{"href":"https:\/\/www2.comunitaria.com.br\/en\/wp-json\/wp\/v2\/posts\/58005","targetHints":{"allow":["GET"]}}],"collection":[{"href":"https:\/\/www2.comunitaria.com.br\/en\/wp-json\/wp\/v2\/posts"}],"about":[{"href":"https:\/\/www2.comunitaria.com.br\/en\/wp-json\/wp\/v2\/types\/post"}],"author":[{"embeddable":true,"href":"https:\/\/www2.comunitaria.com.br\/en\/wp-json\/wp\/v2\/users\/2"}],"replies":[{"embeddable":true,"href":"https:\/\/www2.comunitaria.com.br\/en\/wp-json\/wp\/v2\/comments?post=58005"}],"version-history":[{"count":0,"href":"https:\/\/www2.comunitaria.com.br\/en\/wp-json\/wp\/v2\/posts\/58005\/revisions"}],"wp:featuredmedia":[{"embeddable":true,"href":"https:\/\/www2.comunitaria.com.br\/en\/wp-json\/wp\/v2\/media\/58007"}],"wp:attachment":[{"href":"https:\/\/www2.comunitaria.com.br\/en\/wp-json\/wp\/v2\/media?parent=58005"}],"wp:term":[{"taxonomy":"category","embeddable":true,"href":"https:\/\/www2.comunitaria.com.br\/en\/wp-json\/wp\/v2\/categories?post=58005"},{"taxonomy":"post_tag","embeddable":true,"href":"https:\/\/www2.comunitaria.com.br\/en\/wp-json\/wp\/v2\/tags?post=58005"}],"curies":[{"name":"wp","href":"https:\/\/api.w.org\/{rel}","templated":true}]}}