{"id":57948,"date":"2023-04-01T09:49:14","date_gmt":"2023-04-01T11:49:14","guid":{"rendered":"http:\/\/www2.comunitaria.com.br\/?p=57948"},"modified":"2023-04-01T09:49:14","modified_gmt":"2023-04-01T11:49:14","slug":"secretaria-de-obras-e-secretaria-de-agricultura-trabalham-juntas-em-obras-de-melhorias-nas-estradas-do-municipio","status":"publish","type":"post","link":"https:\/\/www2.comunitaria.com.br\/en\/secretaria-de-obras-e-secretaria-de-agricultura-trabalham-juntas-em-obras-de-melhorias-nas-estradas-do-municipio\/","title":{"rendered":"Secretaria de Obras e Secretaria de Agricultura trabalham juntas em obras de melhorias nas estradas do munic\u00edpio"},"content":{"rendered":"<p style=\"text-align: justify;\">Nesta semana, a Secretaria de Obras e Secretaria de Agricultura de Frederico Westphalen trabalham juntas na recupera\u00e7\u00e3o da estrada que liga a Rua Chiquinha at\u00e9 a Linha Encruzilhada, dando sequ\u00eancia aos trabalhos de intensifica\u00e7\u00e3o nas obras de melhorias nas estradas urbanas e do interior do munic\u00edpio.<\/p>\n<p>Desde o in\u00edcio do ano, as secretarias t\u00eam refor\u00e7ado o cronograma de obras para atender as demandas das comunidades e bairros do munic\u00edpio, principalmente em decorr\u00eancia das fortes chuvas e temporais que atingiram a regi\u00e3o.<\/p>\n<p>Com informa\u00e7\u00f5es do site da Prefeitura Municipal de Frederico Westphalen<\/p>","protected":false},"excerpt":{"rendered":"<p>Nesta semana, a Secretaria de Obras e Secretaria de Agricultura de Frederico Westphalen trabalham juntas na recupera\u00e7\u00e3o da estrada que liga a Rua Chiquinha at\u00e9 a Linha Encruzilhada, dando sequ\u00eancia&#8230;<\/p>","protected":false},"author":2,"featured_media":57950,"comment_status":"open","ping_status":"closed","sticky":false,"template":"","format":"standard","meta":{"ngg_post_thumbnail":0,"footnotes":""},"categories":[42],"tags":[],"class_list":["post-57948","post","type-post","status-publish","format-standard","has-post-thumbnail","hentry","category-fred-west"],"amp_enabled":true,"_links":{"self":[{"href":"https:\/\/www2.comunitaria.com.br\/en\/wp-json\/wp\/v2\/posts\/57948","targetHints":{"allow":["GET"]}}],"collection":[{"href":"https:\/\/www2.comunitaria.com.br\/en\/wp-json\/wp\/v2\/posts"}],"about":[{"href":"https:\/\/www2.comunitaria.com.br\/en\/wp-json\/wp\/v2\/types\/post"}],"author":[{"embeddable":true,"href":"https:\/\/www2.comunitaria.com.br\/en\/wp-json\/wp\/v2\/users\/2"}],"replies":[{"embeddable":true,"href":"https:\/\/www2.comunitaria.com.br\/en\/wp-json\/wp\/v2\/comments?post=57948"}],"version-history":[{"count":0,"href":"https:\/\/www2.comunitaria.com.br\/en\/wp-json\/wp\/v2\/posts\/57948\/revisions"}],"wp:featuredmedia":[{"embeddable":true,"href":"https:\/\/www2.comunitaria.com.br\/en\/wp-json\/wp\/v2\/media\/57950"}],"wp:attachment":[{"href":"https:\/\/www2.comunitaria.com.br\/en\/wp-json\/wp\/v2\/media?parent=57948"}],"wp:term":[{"taxonomy":"category","embeddable":true,"href":"https:\/\/www2.comunitaria.com.br\/en\/wp-json\/wp\/v2\/categories?post=57948"},{"taxonomy":"post_tag","embeddable":true,"href":"https:\/\/www2.comunitaria.com.br\/en\/wp-json\/wp\/v2\/tags?post=57948"}],"curies":[{"name":"wp","href":"https:\/\/api.w.org\/{rel}","templated":true}]}}