{"id":57879,"date":"2023-03-27T17:32:23","date_gmt":"2023-03-27T19:32:23","guid":{"rendered":"http:\/\/www2.comunitaria.com.br\/?p=57879"},"modified":"2023-03-27T17:32:23","modified_gmt":"2023-03-27T19:32:23","slug":"incentivo-ao-tradicionalismo-legislativo-aprova-repasse-ao-ctg-rodeio-da-querencia","status":"publish","type":"post","link":"https:\/\/www2.comunitaria.com.br\/en\/incentivo-ao-tradicionalismo-legislativo-aprova-repasse-ao-ctg-rodeio-da-querencia\/","title":{"rendered":"Incentivo ao tradicionalismo: Legislativo aprova repasse ao CTG Rodeio da Quer\u00eancia"},"content":{"rendered":"<p>Os vereadores do Poder Legislativo de Frederico Westphalen reuniram-se em Sess\u00e3o Extraordin\u00e1ria na manh\u00e3 desta sexta-feira, 24, para deliberar acerca de importantes projetos em prol da comunidade. Uma das proposi\u00e7\u00f5es aprovadas pelos edis foi o PL N\u00ba 027\/2023, que autorizou o Executivo Municipal a celebrar Termo de Coopera\u00e7\u00e3o com o CTG Rodeio da Quer\u00eancia, a fim de repassar o montante de R$ 20 mil para auxiliar na realiza\u00e7\u00e3o do 23\u00ba Rodeio Crioulo Interestadual de FW. A programa\u00e7\u00e3o, que iniciou nesta sexta-feira e prossegue at\u00e9 o domingo, 26, \u00e9 alusiva \u00e0s comemora\u00e7\u00f5es do 68\u00ba anivers\u00e1rio do munic\u00edpio.<\/p>\n<p>Al\u00e9m das tradicionais provas de la\u00e7o, o Rodeio Crioulo contar\u00e1 com fandangos e o 1\u00ba Costela\u00e7o. Toda a comunidade est\u00e1 convidada a prestigiar as atra\u00e7\u00f5es no Parque de Rodeio do CTG, localizado \u00e0s margens da BR-386, h\u00e1 quatro quil\u00f4metros do Centro da cidade. A abertura oficial est\u00e1 marcada para o s\u00e1bado, 25, \u00e0s 18 horas.<\/p>","protected":false},"excerpt":{"rendered":"<p>Os vereadores do Poder Legislativo de Frederico Westphalen reuniram-se em Sess\u00e3o Extraordin\u00e1ria na manh\u00e3 desta sexta-feira, 24, para deliberar acerca de importantes projetos em prol da comunidade. Uma das proposi\u00e7\u00f5es&#8230;<\/p>","protected":false},"author":2,"featured_media":57881,"comment_status":"open","ping_status":"closed","sticky":false,"template":"","format":"standard","meta":{"ngg_post_thumbnail":0,"footnotes":""},"categories":[33],"tags":[],"class_list":["post-57879","post","type-post","status-publish","format-standard","has-post-thumbnail","hentry","category-noticias"],"amp_enabled":true,"_links":{"self":[{"href":"https:\/\/www2.comunitaria.com.br\/en\/wp-json\/wp\/v2\/posts\/57879","targetHints":{"allow":["GET"]}}],"collection":[{"href":"https:\/\/www2.comunitaria.com.br\/en\/wp-json\/wp\/v2\/posts"}],"about":[{"href":"https:\/\/www2.comunitaria.com.br\/en\/wp-json\/wp\/v2\/types\/post"}],"author":[{"embeddable":true,"href":"https:\/\/www2.comunitaria.com.br\/en\/wp-json\/wp\/v2\/users\/2"}],"replies":[{"embeddable":true,"href":"https:\/\/www2.comunitaria.com.br\/en\/wp-json\/wp\/v2\/comments?post=57879"}],"version-history":[{"count":0,"href":"https:\/\/www2.comunitaria.com.br\/en\/wp-json\/wp\/v2\/posts\/57879\/revisions"}],"wp:featuredmedia":[{"embeddable":true,"href":"https:\/\/www2.comunitaria.com.br\/en\/wp-json\/wp\/v2\/media\/57881"}],"wp:attachment":[{"href":"https:\/\/www2.comunitaria.com.br\/en\/wp-json\/wp\/v2\/media?parent=57879"}],"wp:term":[{"taxonomy":"category","embeddable":true,"href":"https:\/\/www2.comunitaria.com.br\/en\/wp-json\/wp\/v2\/categories?post=57879"},{"taxonomy":"post_tag","embeddable":true,"href":"https:\/\/www2.comunitaria.com.br\/en\/wp-json\/wp\/v2\/tags?post=57879"}],"curies":[{"name":"wp","href":"https:\/\/api.w.org\/{rel}","templated":true}]}}