{"id":57829,"date":"2023-03-23T16:35:14","date_gmt":"2023-03-23T18:35:14","guid":{"rendered":"http:\/\/www2.comunitaria.com.br\/?p=57829"},"modified":"2023-03-23T16:35:14","modified_gmt":"2023-03-23T18:35:14","slug":"vereadores-percorrem-ruas-do-bairro-barril-para-verificarem-problemas-apontados-pela-populacao","status":"publish","type":"post","link":"https:\/\/www2.comunitaria.com.br\/en\/vereadores-percorrem-ruas-do-bairro-barril-para-verificarem-problemas-apontados-pela-populacao\/","title":{"rendered":"Vereadores percorrem ruas do bairro Barril para verificarem problemas apontados pela popula\u00e7\u00e3o"},"content":{"rendered":"<p>A partir de v\u00e1rias demandas que chegaram at\u00e9 o Poder Legislativo e visando cumprir dois dos pap\u00e9is mais importantes do vereador \u2013 ouvir a popula\u00e7\u00e3o e fiscalizar \u2013, representantes da Casa do Povo frederiquense foram at\u00e9 o bairro Barril na tarde da ter\u00e7a-feira, 21. Al\u00e9m da Mesa Diretora \u2013 presidente Raul Pazuch da Silva, vice-presidente Reginaldo Pellegrin, primeiro-secret\u00e1rio Jorge Alan Souza e segundo-secret\u00e1rio Leandro Mazzutti \u2013 tamb\u00e9m participaram da visita os vereadores Aline Ferrari e Belonir Vendruscolo.<\/p>\n<p>Na oportunidade, os edis conversaram com v\u00e1rios moradores e percorreram as ruas do bairro para verificarem, in loco, problemas de infraestrutura, principalmente de esgoto pluvial e cloacal. Dentre os pontos mais cr\u00edticos est\u00e3o os localizados na Avenida Jo\u00e3o Muniz Reis e Rua Santo Cerutti, especialmente no trecho da igreja at\u00e9 a ERS-150 e na Travessa Santa Terezinha e Rua Curi\u00f3.<\/p>\n<p>Os vereadores se comprometeram em levar as demandas ao Poder Executivo cobrando alternativas que possam solucionar ou amenizar os problemas enfrentados pela comunidade.<\/p>","protected":false},"excerpt":{"rendered":"<p>A partir de v\u00e1rias demandas que chegaram at\u00e9 o Poder Legislativo e visando cumprir dois dos pap\u00e9is mais importantes do vereador \u2013 ouvir a popula\u00e7\u00e3o e fiscalizar \u2013, representantes da&#8230;<\/p>","protected":false},"author":2,"featured_media":57831,"comment_status":"open","ping_status":"closed","sticky":false,"template":"","format":"standard","meta":{"ngg_post_thumbnail":0,"footnotes":""},"categories":[33],"tags":[],"class_list":["post-57829","post","type-post","status-publish","format-standard","has-post-thumbnail","hentry","category-noticias"],"amp_enabled":true,"_links":{"self":[{"href":"https:\/\/www2.comunitaria.com.br\/en\/wp-json\/wp\/v2\/posts\/57829","targetHints":{"allow":["GET"]}}],"collection":[{"href":"https:\/\/www2.comunitaria.com.br\/en\/wp-json\/wp\/v2\/posts"}],"about":[{"href":"https:\/\/www2.comunitaria.com.br\/en\/wp-json\/wp\/v2\/types\/post"}],"author":[{"embeddable":true,"href":"https:\/\/www2.comunitaria.com.br\/en\/wp-json\/wp\/v2\/users\/2"}],"replies":[{"embeddable":true,"href":"https:\/\/www2.comunitaria.com.br\/en\/wp-json\/wp\/v2\/comments?post=57829"}],"version-history":[{"count":0,"href":"https:\/\/www2.comunitaria.com.br\/en\/wp-json\/wp\/v2\/posts\/57829\/revisions"}],"wp:featuredmedia":[{"embeddable":true,"href":"https:\/\/www2.comunitaria.com.br\/en\/wp-json\/wp\/v2\/media\/57831"}],"wp:attachment":[{"href":"https:\/\/www2.comunitaria.com.br\/en\/wp-json\/wp\/v2\/media?parent=57829"}],"wp:term":[{"taxonomy":"category","embeddable":true,"href":"https:\/\/www2.comunitaria.com.br\/en\/wp-json\/wp\/v2\/categories?post=57829"},{"taxonomy":"post_tag","embeddable":true,"href":"https:\/\/www2.comunitaria.com.br\/en\/wp-json\/wp\/v2\/tags?post=57829"}],"curies":[{"name":"wp","href":"https:\/\/api.w.org\/{rel}","templated":true}]}}