{"id":57798,"date":"2023-03-21T17:01:04","date_gmt":"2023-03-21T19:01:04","guid":{"rendered":"http:\/\/www2.comunitaria.com.br\/?p=57798"},"modified":"2023-03-21T17:01:04","modified_gmt":"2023-03-21T19:01:04","slug":"furtos-de-transformadores-seguem-causando-prejuizos-a-creluz-e-aos-associados","status":"publish","type":"post","link":"https:\/\/www2.comunitaria.com.br\/en\/furtos-de-transformadores-seguem-causando-prejuizos-a-creluz-e-aos-associados\/","title":{"rendered":"Furtos de transformadores seguem causando preju\u00edzos a Creluz e aos associados"},"content":{"rendered":"<p>A Creluz continua registrando na sua \u00e1rea de atua\u00e7\u00e3o uma s\u00e9rie de ataques a transformadores. Ano ap\u00f3s ano as ocorr\u00eancias desta natureza s\u00f3 t\u00eam aumentado, principalmente em locais distantes de moradores e muitas vezes at\u00e9 de dif\u00edcil acesso. Na maioria dos casos os escolhidos s\u00e3o transformadores colocados para alimentar sistemas de irriga\u00e7\u00e3o em lavouras ou at\u00e9 mesmo equipamentos ligados a redes de \u00e1gua.<\/p>\n<p>A Cooperativa tem registrado todas as ocorr\u00eancias nas delegacias de pol\u00edcia dos respectivos munic\u00edpios onde os furtos acontecem, por\u00e9m as investiga\u00e7\u00f5es v\u00eam obtendo poucos avan\u00e7os devido ao grau de dificuldade para a obten\u00e7\u00e3o de informa\u00e7\u00f5es que levem a identifica\u00e7\u00e3o dos meliantes e a elucida\u00e7\u00e3o dos crimes. Enquanto isso os preju\u00edzos se multiplicam.<\/p>\n<p>Esta pr\u00e1tica n\u00e3o \u00e9 novidade; em 2015 uma s\u00e9rie de roubos foi registrada, por\u00e9m, com n\u00fameros bem menores chegando a 5 equipamentos destru\u00eddos. Em 2020, novos ataques foram registrados, desta vez incluindo a Usina Solar Boa Vista em Boa Vista das Miss\u00f5es, onde um transformador do pr\u00f3prio complexo foi atacado. Em 2021, 23 furtos foram registrados na \u00e1rea de atua\u00e7\u00e3o da Creluz. Em 2022 os n\u00fameros continuaram se elevando e a contagem passou facilmente de 30 transformadores atacados.<\/p>\n<p>Nos \u00faltimos quatro anos, mais de 40 transformadores foram furtados na \u00e1rea da Cooperativa, uma m\u00e9dia de 10 por ano, quase um por m\u00eas. Os ladr\u00f5es visam retirar do interior dos transformadores material a base de cobre, que \u00e9 muito valioso no mercado clandestino, por\u00e9m muitos transformadores na \u00e1rea de atua\u00e7\u00e3o da Cooperativa, j\u00e1 n\u00e3o possuem mais cobre em seu interior e sim alum\u00ednio, que possui baixa valoriza\u00e7\u00e3o.<\/p>\n<p>Segundo dados do departamento t\u00e9cnico, os preju\u00edzos deixados s\u00e3o muitos, pois j\u00e1 foram 42 equipamentos danificados nos \u00faltimos anos. Al\u00e9m do valor do equipamento que foi danificado e n\u00e3o tem como ser reparado para retornar a rede, j\u00e1 que \u00e9 necess\u00e1rio substitu\u00ed-lo, ocorre tamb\u00e9m os gastos com deslocamentos de equipes de manuten\u00e7\u00e3o e constru\u00e7\u00e3o de rede e o tempo que o associado fica sem energia at\u00e9 que seja realizada a substitui\u00e7\u00e3o.<\/p>\n<p>Diante deste cen\u00e1rio, a dire\u00e7\u00e3o da Creluz e a \u00e1rea t\u00e9cnica decidiram a partir de agora adquirir somente transformadores com n\u00facleo de alum\u00ednio, em vista que este material n\u00e3o possui a mesma valoriza\u00e7\u00e3o do cobre no mercado clandestino, sendo por tanto menos visado.<\/p>\n<p>&nbsp;<\/p>","protected":false},"excerpt":{"rendered":"<p>A Creluz continua registrando na sua \u00e1rea de atua\u00e7\u00e3o uma s\u00e9rie de ataques a transformadores. Ano ap\u00f3s ano as ocorr\u00eancias desta natureza s\u00f3 t\u00eam aumentado, principalmente em locais distantes de&#8230;<\/p>","protected":false},"author":2,"featured_media":57800,"comment_status":"open","ping_status":"closed","sticky":false,"template":"","format":"standard","meta":{"ngg_post_thumbnail":0,"footnotes":""},"categories":[33],"tags":[],"class_list":["post-57798","post","type-post","status-publish","format-standard","has-post-thumbnail","hentry","category-noticias"],"amp_enabled":true,"_links":{"self":[{"href":"https:\/\/www2.comunitaria.com.br\/en\/wp-json\/wp\/v2\/posts\/57798","targetHints":{"allow":["GET"]}}],"collection":[{"href":"https:\/\/www2.comunitaria.com.br\/en\/wp-json\/wp\/v2\/posts"}],"about":[{"href":"https:\/\/www2.comunitaria.com.br\/en\/wp-json\/wp\/v2\/types\/post"}],"author":[{"embeddable":true,"href":"https:\/\/www2.comunitaria.com.br\/en\/wp-json\/wp\/v2\/users\/2"}],"replies":[{"embeddable":true,"href":"https:\/\/www2.comunitaria.com.br\/en\/wp-json\/wp\/v2\/comments?post=57798"}],"version-history":[{"count":0,"href":"https:\/\/www2.comunitaria.com.br\/en\/wp-json\/wp\/v2\/posts\/57798\/revisions"}],"wp:featuredmedia":[{"embeddable":true,"href":"https:\/\/www2.comunitaria.com.br\/en\/wp-json\/wp\/v2\/media\/57800"}],"wp:attachment":[{"href":"https:\/\/www2.comunitaria.com.br\/en\/wp-json\/wp\/v2\/media?parent=57798"}],"wp:term":[{"taxonomy":"category","embeddable":true,"href":"https:\/\/www2.comunitaria.com.br\/en\/wp-json\/wp\/v2\/categories?post=57798"},{"taxonomy":"post_tag","embeddable":true,"href":"https:\/\/www2.comunitaria.com.br\/en\/wp-json\/wp\/v2\/tags?post=57798"}],"curies":[{"name":"wp","href":"https:\/\/api.w.org\/{rel}","templated":true}]}}