{"id":57714,"date":"2023-03-16T14:15:14","date_gmt":"2023-03-16T16:15:14","guid":{"rendered":"http:\/\/www2.comunitaria.com.br\/?p=57714"},"modified":"2023-03-16T14:15:14","modified_gmt":"2023-03-16T16:15:14","slug":"legislativo-aprova-projeto-de-melhorias-na-praca-da-comunidade-do-sao-joao-do-porto","status":"publish","type":"post","link":"https:\/\/www2.comunitaria.com.br\/en\/legislativo-aprova-projeto-de-melhorias-na-praca-da-comunidade-do-sao-joao-do-porto\/","title":{"rendered":"Legislativo aprova projeto de melhorias na pra\u00e7a da comunidade do S\u00e3o Jo\u00e3o do Porto"},"content":{"rendered":"<p>No ano do seu centen\u00e1rio, a comunidade do distrito de S\u00e3o Jo\u00e3o do Porto ter\u00e1 sua pra\u00e7a reformada nas pr\u00f3ximas semanas. A autoriza\u00e7\u00e3o da parceria do Poder P\u00fablico com a Sociedade do Esporte Clube S\u00e3o Jo\u00e3o foi aprovada pelos vereadores na Sess\u00e3o Extraordin\u00e1ria da ter\u00e7a-feira, 14.<\/p>\n<p>Por meio da parceria, o Executivo Municipal ir\u00e1 fornecer os materiais necess\u00e1rios para a execu\u00e7\u00e3o da obra. Em contrapartida, o Esporte Clube S\u00e3o Jo\u00e3o ficar\u00e1 respons\u00e1vel pela elabora\u00e7\u00e3o do projeto arquitet\u00f4nico, bem como a contrata\u00e7\u00e3o da m\u00e3o de obra para o desenvolvimento dos trabalhos. Os valores dos materiais destinados \u00e0 reforma da pra\u00e7a ser\u00e3o de at\u00e9 o limite de R$ 50 mil.<\/p>\n<p>Na discuss\u00e3o do projeto, os edis destacaram a import\u00e2ncia das melhorias no local, que contribuir\u00e3o n\u00e3o somente para o embelezamento do espa\u00e7o, mas tamb\u00e9m para proporcionar uma \u00e1rea de lazer mais digna aos moradores e visitantes da comunidade. Os vereadores tamb\u00e9m agradeceram a presen\u00e7a de lideran\u00e7as do Esporte Clube e da capela que participaram da Sess\u00e3o e tamb\u00e9m convidaram o Poder Legislativo a prestigiar as comemora\u00e7\u00f5es do centen\u00e1rio da sociedade.<\/p>\n<p>&nbsp;<\/p>","protected":false},"excerpt":{"rendered":"<p>No ano do seu centen\u00e1rio, a comunidade do distrito de S\u00e3o Jo\u00e3o do Porto ter\u00e1 sua pra\u00e7a reformada nas pr\u00f3ximas semanas. A autoriza\u00e7\u00e3o da parceria do Poder P\u00fablico com a&#8230;<\/p>","protected":false},"author":2,"featured_media":57716,"comment_status":"open","ping_status":"closed","sticky":false,"template":"","format":"standard","meta":{"ngg_post_thumbnail":0,"footnotes":""},"categories":[28,33],"tags":[],"class_list":["post-57714","post","type-post","status-publish","format-standard","has-post-thumbnail","hentry","category-destaque","category-noticias"],"amp_enabled":true,"_links":{"self":[{"href":"https:\/\/www2.comunitaria.com.br\/en\/wp-json\/wp\/v2\/posts\/57714","targetHints":{"allow":["GET"]}}],"collection":[{"href":"https:\/\/www2.comunitaria.com.br\/en\/wp-json\/wp\/v2\/posts"}],"about":[{"href":"https:\/\/www2.comunitaria.com.br\/en\/wp-json\/wp\/v2\/types\/post"}],"author":[{"embeddable":true,"href":"https:\/\/www2.comunitaria.com.br\/en\/wp-json\/wp\/v2\/users\/2"}],"replies":[{"embeddable":true,"href":"https:\/\/www2.comunitaria.com.br\/en\/wp-json\/wp\/v2\/comments?post=57714"}],"version-history":[{"count":0,"href":"https:\/\/www2.comunitaria.com.br\/en\/wp-json\/wp\/v2\/posts\/57714\/revisions"}],"wp:featuredmedia":[{"embeddable":true,"href":"https:\/\/www2.comunitaria.com.br\/en\/wp-json\/wp\/v2\/media\/57716"}],"wp:attachment":[{"href":"https:\/\/www2.comunitaria.com.br\/en\/wp-json\/wp\/v2\/media?parent=57714"}],"wp:term":[{"taxonomy":"category","embeddable":true,"href":"https:\/\/www2.comunitaria.com.br\/en\/wp-json\/wp\/v2\/categories?post=57714"},{"taxonomy":"post_tag","embeddable":true,"href":"https:\/\/www2.comunitaria.com.br\/en\/wp-json\/wp\/v2\/tags?post=57714"}],"curies":[{"name":"wp","href":"https:\/\/api.w.org\/{rel}","templated":true}]}}